{"id":66403,"date":"2024-02-28T14:55:15","date_gmt":"2024-02-28T13:55:15","guid":{"rendered":"https:\/\/www.dbu.de\/?post_type=newsletter&#038;p=66403"},"modified":"2024-02-29T09:29:08","modified_gmt":"2024-02-29T08:29:08","slug":"woche-der-umwelt-2024-in-berlin-fachprogramm-und-ausstellung-im-park-von-schloss-bellevue","status":"publish","type":"newsletter","link":"https:\/\/www.dbu.de\/en\/newsletter\/dbuaktuell-februar-2024\/woche-der-umwelt-2024-in-berlin-fachprogramm-und-ausstellung-im-park-von-schloss-bellevue\/","title":{"rendered":"Woche der Umwelt 2024 in Berlin: Fachprogramm und Ausstellung im Park von Schloss Bellevue"},"content":{"rendered":"\n<div class=\"wp-block-wordpress-dbu-dbu-container\">\n<p>In diesem Fr\u00fchsommer ist es wieder so weit: Bundespr\u00e4sident Frank-Walter Steinmeier und die Deutsche Bundesstiftung Umwelt (DBU) laden herzlich ein zur Woche der Umwelt. Bereits zum siebten Mal verwandelt sich der Park des Amtssitzes des Bundespr\u00e4sidenten in eine Zelt- und B\u00fchnenstadt. Am 4. und 5. Juni 2024 werden in Berlin vor der beeindruckenden Kulisse des Schlosses Bellevue ein facettenreiches zweit\u00e4giges Programm auf der Hauptb\u00fchne und in diversen Fachforen sowie eine gro\u00dfe Ausstellung auf rund 4 000 Quadratmetern geboten. Etwa 190 Ausstellende aus Wirtschaft und Technik, Forschung und Wissenschaft sowie aus der Zivilgesellschaft pr\u00e4sentieren ihre innovativen L\u00f6sungen zum Schutz der Umwelt. Die Einladung zur Woche der Umwelt richtet sich an Fachpublikum ebenso wie an alle B\u00fcrgerinnen und B\u00fcrger.<\/p>\n\n\n\n<p><\/p>\n\n\n\n<p><strong>Vier hochkar\u00e4tig besetzten Podien<\/strong><\/p>\n\n\n\n<p><\/p>\n\n\n\n<p>Nach der Er\u00f6ffnung durch den Bundespr\u00e4sidenten geht es auf der Hauptb\u00fchne in vier hochkar\u00e4tig besetzten Podien um Wasserstofftechnologie, Klimaneutralit\u00e4t und Energiesicherheit, Biodiversit\u00e4t und Ressourcenschutz sowie Transformation und sozialen Zusammenhalt. Hier diskutieren unter anderem Gunnar Groebler, Vorstandschef der Salzgitter AG, Dr. Marie-Luise Wolff, Vorstandsvorsitzende der ENTEGA AG und Pr\u00e4sidentin des Bundesverbandes der Energie- und Wasserwirtschaft (BDEW), Prof. Johannes Vogel, Generaldirektor des Museums f\u00fcr Naturkunde Berlin und Anna-Nicole Heinrich, Pr\u00e4ses der Synode der Evangelischen Kirche in Deutschland (EKD). Dazu kommen ein Fachb\u00fchnenprogramm und 70 ausgew\u00e4hlte Fachforen zu Themen von Energie und Klimaschutz bis zu Naturschutz und Landwirtschaft, die zu Austausch und Diskussion einladen.<\/p>\n\n\n\n<p><\/p>\n\n\n\n<p><strong>\u201eMarktplatz f\u00fcr nachhaltige L\u00f6sungen beim Umweltschutz\u201c<\/strong><\/p>\n\n\n\n<p><\/p>\n\n\n\n<p>\u201eBei der Woche der Umwelt geht es um die gro\u00dfen Zukunftsthemen, die Wissenschaft, Wirtschaft, Gesellschaft und Politik nur gemeinsam l\u00f6sen k\u00f6nnen\u201c, sagte DBU-Generalsekret\u00e4r Alexander Bonde. Es sei wichtig, Ver\u00e4nderungen aktiv und unter Mitnahme m\u00f6glichst vieler Menschen zu gestalten. Sein Dank gilt der Gastfreundschaft des Bundespr\u00e4sidenten: \u201eDas ist ein motivierender Mutmacher, im Kampf gegen Klima- und Artenkrise nicht nachzulassen und immer wieder aufs Neue nach innovativen, umweltfreundlichen Technologien, G\u00fctern, Konzepten und Dienstleistungen zu suchen. Sie werden k\u00fcnftig nicht nur Ma\u00dfstab f\u00fcr eine lebenswerte Zukunft sein, sondern auch Standortfaktoren f\u00fcr die solide Wirtschaft eines Landes\u201c, so Bonde.<\/p>\n\n\n\n<p><\/p>\n\n\n\n<p><strong>Anmeldung zur Woche der Umwelt ab jetzt m\u00f6glich<\/strong><\/p>\n\n\n\n<p><\/p>\n\n\n\n<p>Der DBU-Generalsekret\u00e4r weiter: \u201eUnd wer, wenn nicht die deutsche Wirtschaft, kann und muss zeigen, dass der Wandel zu Klimaneutralit\u00e4t und Natur-Positivit\u00e4t m\u00f6glich ist!\u201c Gerade bei kleinen und mittleren Unternehmen sei die Vielfalt von umweltrelevanten Ideen unglaublich gro\u00df. Die \u201eWoche der Umwelt\u201c sei deshalb \u201eein Marktplatz f\u00fcr nachhaltige L\u00f6sungen beim Umweltschutz \u2013 und f\u00fcr kluge K\u00f6pfe, die die Wege f\u00fcr einen solchen Wandel zu mehr Nachhaltigkeit \u00fcberhaupt freir\u00e4umen\u201c.<\/p>\n\n\n\n<p><\/p>\n\n\n\n<p><\/p>\n\n\n\n<p><em>Mehr zur Veranstaltung und zum Programm sowie eine \u00dcbersicht aller Ausstellenden unter: <\/em><a href=\"https:\/\/www.woche-der-umwelt.de\/\" target=\"_blank\" rel=\"noreferrer noopener\">www.woche-der-umwelt.de\/<\/a><em> <\/em><\/p>\n\n\n\n<p><\/p>\n\n\n\n<h3 class=\"wp-block-heading has-text-align-left\">Einladung f\u00fcr Leserinnen und Leser!  <\/h3>\n\n\n\n<p><\/p>\n\n\n\n<p>Die DBU l\u00e4dt alle Leserinnen und Leser von <em>DBUaktuell<\/em> ein, die Woche der Umwelt zu besuchen. Daf\u00fcr ist eine <strong>Anmeldung <\/strong>zwingend <strong>erforderlich<\/strong>. Bitte melden Sie sich unter folgendem Link an: <a href=\"http:\/\/www.dbu.de\/anmeldung-wdu\" target=\"_blank\" rel=\"noreferrer noopener\">www.dbu.de\/anmeldung-wdu<\/a>. Die Einlasskarten werden voraussichtlich Mitte Mai an die angemeldeten G\u00e4ste versendet. Wir freuen uns auf Ihr Kommen!<\/p>\n\n\n\n<p><\/p>\n\n\n\n<p class=\"has-text-align-right\">Titelbild: Peter Himsel\/DBU<\/p>\n<\/div>\n","protected":false},"excerpt":{"rendered":"","protected":false},"author":14,"featured_media":66570,"parent":66401,"template":"","meta":{"footnotes":""},"newsletter-kategorie":[],"class_list":["post-66403","newsletter","type-newsletter","status-publish","has-post-thumbnail","hentry"],"meta_box":{"dbu_newsletter_gruppe_container":[{"dbu_newsletter_gruppe_container_select":"newsletter"}],"dbu_news_mail":"0","dbu_news_mail_status":"Eine Mail wurde nicht verschickt"},"_links":{"self":[{"href":"https:\/\/www.dbu.de\/en\/wp-json\/wp\/v2\/newsletter\/66403","targetHints":{"allow":["GET"]}}],"collection":[{"href":"https:\/\/www.dbu.de\/en\/wp-json\/wp\/v2\/newsletter"}],"about":[{"href":"https:\/\/www.dbu.de\/en\/wp-json\/wp\/v2\/types\/newsletter"}],"author":[{"embeddable":true,"href":"https:\/\/www.dbu.de\/en\/wp-json\/wp\/v2\/users\/14"}],"version-history":[{"count":20,"href":"https:\/\/www.dbu.de\/en\/wp-json\/wp\/v2\/newsletter\/66403\/revisions"}],"predecessor-version":[{"id":66785,"href":"https:\/\/www.dbu.de\/en\/wp-json\/wp\/v2\/newsletter\/66403\/revisions\/66785"}],"up":[{"embeddable":true,"href":"https:\/\/www.dbu.de\/en\/wp-json\/wp\/v2\/newsletter\/66401"}],"wp:featuredmedia":[{"embeddable":true,"href":"https:\/\/www.dbu.de\/en\/wp-json\/wp\/v2\/media\/66570"}],"wp:attachment":[{"href":"https:\/\/www.dbu.de\/en\/wp-json\/wp\/v2\/media?parent=66403"}],"wp:term":[{"taxonomy":"newsletter-kategorie","embeddable":true,"href":"https:\/\/www.dbu.de\/en\/wp-json\/wp\/v2\/newsletter-kategorie?post=66403"}],"curies":[{"name":"wp","href":"https:\/\/api.w.org\/{rel}","templated":true}]}}