{"id":158975,"date":"2025-11-19T15:45:06","date_gmt":"2025-11-19T14:45:06","guid":{"rendered":"https:\/\/www.dbu.de\/?post_type=newsletter&#038;p=158975"},"modified":"2025-11-19T15:55:55","modified_gmt":"2025-11-19T14:55:55","slug":"deutscher-umweltpreis-2025-steinmeier-mahnt-klimaschutz-nicht-zu-vernachlaessigen","status":"publish","type":"newsletter","link":"https:\/\/www.dbu.de\/en\/newsletter\/dbuaktuell-2025\/deutscher-umweltpreis-2025-steinmeier-mahnt-klimaschutz-nicht-zu-vernachlaessigen\/","title":{"rendered":"Deutscher Umweltpreis 2025: Steinmeier mahnt, Klimaschutz nicht zu vernachl\u00e4ssigen"},"content":{"rendered":"\n<div class=\"wp-block-wordpress-dbu-dbu-container\">\n<p>Umweltschutz und die Eind\u00e4mmung des \u201eunbestreitbaren Klimawandels\u201c bleiben nach den Worten von&nbsp;<a href=\"https:\/\/www.bundespraesident.de\/DE\/bundespraesident\/frank-walter-steinmeier_node.html\" target=\"_blank\" rel=\"noreferrer noopener\">Bundespr\u00e4sident<\/a>&nbsp;Frank-Walter&nbsp;Steinmeier dauerhafte Aufgaben. \u201eJenseits von politischen Konjunkturen verlangen sie unsere bleibende Aufmerksamkeit \u2013 \u00fcberall\u201c, sagte er bei der Verleihung des diesj\u00e4hrigen Deutschen Umweltpreises Ende Oktober in Chemnitz. Die Auszeichnung ging zu gleichen Teilen an Klimaforscherin Prof. Dr. Sonia&nbsp;<a href=\"https:\/\/www.dbu.de\/umweltpreis-blog\/warum-trockene-boeden-hitzewellen-befeuern-interview-mit-prof-dr-sonia-seneviratne\/\" target=\"_blank\" rel=\"noreferrer noopener\">Seneviratne&nbsp;<\/a>von der&nbsp;<a href=\"https:\/\/ethz.ch\/de.html\" target=\"_blank\" rel=\"noreferrer noopener\">ETH Z\u00fcrich<\/a>&nbsp;sowie an das Gesch\u00e4ftsf\u00fchrungsduo <a href=\"https:\/\/www.dbu.de\/umweltpreis-blog\/nachgefragt-bei-dr-birgitt-bendiek-und-lars-baumgurtel\/\" target=\"_blank\" rel=\"noreferrer noopener\">Lars&nbsp;Baumg\u00fcrtel&nbsp;und Ingenieurin Dr. Birgitt&nbsp;Bendiek&nbsp;<\/a>vom Stahlverzinkungsunternehmen&nbsp;<a href=\"https:\/\/www.zinq.com\/feuerverzinken-pulverbeschichten\/\" target=\"_blank\" rel=\"noreferrer noopener\">ZINQ<\/a>&nbsp;aus Gelsenkirchen.<\/p>\n\n\n\n<figure class=\"wp-block-image alignright size-large is-resized\"><img loading=\"lazy\" decoding=\"async\" width=\"1920\" height=\"1280\" src=\"https:\/\/www.dbu.de\/app\/uploads\/dbu-media-november-2025-35a6987-3zu2-1920x1280.jpg\" alt=\"UWP 2025, Bundespr\u00e4sident Steinmeier\" class=\"wp-image-159190\" style=\"width:346px;height:auto\" srcset=\"https:\/\/www.dbu.de\/app\/uploads\/dbu-media-november-2025-35a6987-3zu2-1920x1280.jpg 1920w, https:\/\/www.dbu.de\/app\/uploads\/dbu-media-november-2025-35a6987-3zu2-800x533.jpg 800w, https:\/\/www.dbu.de\/app\/uploads\/dbu-media-november-2025-35a6987-3zu2-400x267.jpg 400w\" sizes=\"auto, (max-width: 1920px) 100vw, 1920px\" \/><figcaption class=\"wp-element-caption\">Bundespr\u00e4sident Frank-Walter-Steinmeier zeigte sich beeindruckt vom Pioniergeist, der sp\u00fcrbare Neugier und der Unerschrockenheit der Ausgezeichneten .<\/figcaption><\/figure>\n\n\n\n<p>Steinmeiers Appell: \u201eWir d\u00fcrfen den Klimaschutz nicht vernachl\u00e4ssigen, nur weil er gerade einmal nicht das gr\u00f6\u00dfte \u00f6ffentliche Interesse findet oder weil spektakul\u00e4re Protestaktionen nicht stattfinden. Klimaschutz bleibt eine dauernde Herausforderung auf allen politischen Ebenen, national und international.\u201c Der Bundespr\u00e4sident mahnte zugleich, der angeblich zwischen \u00d6konomie und \u00d6kologie herrschende Konflikt \u201esollte nicht wiederbelebt werden\u201c. Steinmeier weiter: \u201e\u00d6kologisch kluges Verhalten ist mindestens f\u00fcr die Einsichtigen ein Kennzeichen \u00f6konomischer Vernunft. Gerade die diesj\u00e4hrigen Preistr\u00e4ger zeigen das wieder.\u201c<\/p>\n\n\n\n<p><\/p>\n\n\n\n<p><strong>Faktenbasierte Klimawissenschaft ausgezeichnet<\/strong><\/p>\n\n\n\n<figure class=\"wp-block-image alignleft size-large is-resized\"><img loading=\"lazy\" decoding=\"async\" width=\"1920\" height=\"1280\" src=\"https:\/\/www.dbu.de\/app\/uploads\/dbu-media-november-2025-favorit-seneviratne-auf-der-buehne-1920x1280.jpg\" alt=\"UWP 2025, Seneviratne auf B\u00fchne\" class=\"wp-image-159188\" style=\"width:352px;height:auto\" srcset=\"https:\/\/www.dbu.de\/app\/uploads\/dbu-media-november-2025-favorit-seneviratne-auf-der-buehne-1920x1280.jpg 1920w, https:\/\/www.dbu.de\/app\/uploads\/dbu-media-november-2025-favorit-seneviratne-auf-der-buehne-800x533.jpg 800w, https:\/\/www.dbu.de\/app\/uploads\/dbu-media-november-2025-favorit-seneviratne-auf-der-buehne-400x267.jpg 400w\" sizes=\"auto, (max-width: 1920px) 100vw, 1920px\" \/><figcaption class=\"wp-element-caption\">Preistr\u00e4gerin Prof. Dr. Sonia Seneviratne (rechts) im<br>Talk auf der B\u00fchne mit Moderatorin Katie Gallus<\/figcaption><\/figure>\n\n\n\n<p>&nbsp;Seneviratne hat nach Steinmeiers Worten mit ihren Forschungen den wenig sicht-, aber messbaren Zusammenhang zwischen Bodenfeuchte und Klimaver\u00e4nderungen vor Augen gef\u00fchrt. Die DBU w\u00fcrdigt mit dem Deutschen Umweltpreis unter anderem Seneviratnes bahnbrechende Studien zur <a href=\"https:\/\/iac.ethz.ch\/group\/land-climate-dynamics.html\" target=\"_blank\" rel=\"noreferrer noopener\">Land-Klima-Dynamik<\/a> \u00fcber die Wechselwirkungen zwischen Klima, Bodenfeuchte, Pflanzen und Atmosph\u00e4re. Die Auszeichnung f\u00fcr die Schweizer Klimaforscherin habe noch eine andere Bedeutung, so der Bundespr\u00e4sident: \u201eDamit, und das ist mir besonders wichtig, wird auch die faktenbasierte Klimawissenschaft ausgezeichnet, die sich immer wieder und immer mehr haltlosen Verd\u00e4chtigungen, Falschmeldungen und Verschw\u00f6rungserz\u00e4hlungen ausgesetzt sieht.\u201c F\u00fcr kluges Handeln brauche man aufgekl\u00e4rt-aufkl\u00e4rende Wissenschaft.<\/p>\n\n\n\n<p>Seneviratne, die Biologie und Umweltphysik studiert hat, erz\u00e4hlte im Gespr\u00e4ch mit Moderatorin Katie Gallus, wie sie zu ihrem Forschungsthema gekommen ist: \u201eIch hatte den Traum im Regenwald zu arbeiten. Das war die Motivation Biologie zu studieren. Am Amazonas habe ich gesehen: Es war ein Nebelwald. Man hat gesehen, wieviel Verdunstung stattfindet. Da war mir klar, dass ich den Zusammenhang zwischen Vegetation, Boden und Verdunstung untersuchen wollte.\u201c Ihre Hauptbotschaft: \u201eRunter mit den CO<sub>2<\/sub>-Emissionen!\u201c<\/p>\n\n\n\n<figure class=\"wp-block-image alignright size-large is-resized\"><img loading=\"lazy\" decoding=\"async\" width=\"1920\" height=\"1544\" src=\"https:\/\/www.dbu.de\/app\/uploads\/dbu-media-uwp-2025-buehne-eifelturm-peter-himsel-dbu-1920x1544.jpg\" alt=\"\" class=\"wp-image-158261\" style=\"width:351px;height:auto\" srcset=\"https:\/\/www.dbu.de\/app\/uploads\/dbu-media-uwp-2025-buehne-eifelturm-peter-himsel-dbu-1920x1544.jpg 1920w, https:\/\/www.dbu.de\/app\/uploads\/dbu-media-uwp-2025-buehne-eifelturm-peter-himsel-dbu-800x643.jpg 800w, https:\/\/www.dbu.de\/app\/uploads\/dbu-media-uwp-2025-buehne-eifelturm-peter-himsel-dbu-400x322.jpg 400w\" sizes=\"auto, (max-width: 1920px) 100vw, 1920px\" \/><figcaption class=\"wp-element-caption\">Zink drauf, dann ist f\u00fcr 100 Jahre Ruhe: An einem eigens f\u00fcr die Festveranstaltung hergestellten Modell-Eiffelturm erl\u00e4uterte das ZINQ-Gesch\u00e4ftsf\u00fchrungsduo Lars Baumg\u00fcrtel und Birgitt Bendiek (Mitte) Moderatorin Katie Gallus das Prinzip der Stahlverzinkung.<\/figcaption><\/figure>\n\n\n\n<p><\/p>\n\n\n\n<p><strong>Mit bemerkenswerter Ausdauer zirkul\u00e4res Gesch\u00e4ftsmodell verfolgt<\/strong><\/p>\n\n\n\n<p>Mit Blick auf den Veranstaltungsort Chemnitz zog der Bundespr\u00e4sident eine Verbindung zum Ruhrgebiet, wo das Stahlverzinkungsunternehmen ZINQ in Gelsenkirchen seinen Stammsitz hat. Der Deutsche Umweltpreis an Baumg\u00fcrtel und Bendiek zeichne neuartige Ideen und Technologien aus, zugleich aber auch die bemerkenswerte Ausdauer, mit der hier seit einem Vierteljahrhundert ein zirkul\u00e4res Gesch\u00e4ftsmodell verfolgt wird. Steinmeier wies besonders auf das patentierte&nbsp;<a href=\"https:\/\/www.zinq.com\/produkte\/microzinq\/\" target=\"_blank\" rel=\"noreferrer noopener\"><strong>microZINQ\u00ae<\/strong>-Verfahren&nbsp;<\/a>des Unternehmens hin, das eine um 80 Prozent reduzierte hauchd\u00fcnne Zink-Deckschicht f\u00fcr Stahlteile erm\u00f6glicht: statt \u00fcblicherweise 80 bis 100 Mikrometern lediglich zehn Mikrometer \u2013 d\u00fcnner als ein Haar. Verzinkung ist neben Beschichtung eine Methode zum Rostschutz von Stahl, gilt aber wegen wegfallender Instandhaltungskosten als wirksamer.<\/p>\n\n\n\n<figure class=\"wp-block-image alignleft size-large is-resized\"><img loading=\"lazy\" decoding=\"async\" width=\"1920\" height=\"1280\" src=\"https:\/\/www.dbu.de\/app\/uploads\/dbu-media-november-2025-symbolbild-blauer-engel-1920x1280.jpg\" alt=\"UWP 2025, Blauer Engel\" class=\"wp-image-159194\" style=\"width:383px;height:auto\" srcset=\"https:\/\/www.dbu.de\/app\/uploads\/dbu-media-november-2025-symbolbild-blauer-engel-1920x1280.jpg 1920w, https:\/\/www.dbu.de\/app\/uploads\/dbu-media-november-2025-symbolbild-blauer-engel-800x533.jpg 800w, https:\/\/www.dbu.de\/app\/uploads\/dbu-media-november-2025-symbolbild-blauer-engel-400x267.jpg 400w, https:\/\/www.dbu.de\/app\/uploads\/dbu-media-november-2025-symbolbild-blauer-engel.jpg 2048w\" sizes=\"auto, (max-width: 1920px) 100vw, 1920px\" \/><figcaption class=\"wp-element-caption\">Blauer Engel f\u00fcr den Deutschen Umweltpreis: Der Festakt in der Stadthalle Chemnitz ist mit dem Umweltzeichen zertifiziert.<\/figcaption><\/figure>\n\n\n\n<p>Baumg\u00fcrtel und Bendiek demonstrierten auf der B\u00fchne nicht nur ihre Motivation und Vorgehensweise, sondern auch ein bekanntes Beispiel: \u201eTransformation funktioniert in Schritten. Man muss einfach anfangen. Nat\u00fcrlich sind Risiken damit verbunden. Andererseits ist es ein riesiger Treiber, Innovationen auf den Weg zu bringen. Ein Beispiel: Der Eiffelturm ist inzwischen zwanzigmal \u00fcbergestrichen worden \u2013 einmal verzinken h\u00e4tte gereicht. Das zeigt, welchen Erfolg Oberfl\u00e4chen haben k\u00f6nnen, wenn man sie sinnvoll einsetzt. Wenn man Stahl sch\u00fctzt, hat er ann\u00e4hernd ein ewiges Leben.\u201c<\/p>\n\n\n\n<p><\/p>\n\n\n\n<p><strong>\u201e\u00d6kologie ist Motor der \u00d6konomie\u201c<\/strong><\/p>\n\n\n\n<p>Auf eine weitere Besonderheit bei der Preisverleihung wies der DBU-Kuratoriumsvorsitzende Prof. Dr. Kai Niebert hin: Der Festakt in der Stadthalle Chemnitz ist als erste Veranstaltung in Deutschland mit dem \u201eBlauen Engel\u201c zertifiziert. \u201eWir zeichnen dieses Jahr nicht nur nachhaltige Innovationen aus, sondern der Preis an sich ist nachhaltig geworden.\u201c<\/p>\n\n\n\n<p>DBU-Generalsekret\u00e4r Alexander Bonde rief dazu auf, st\u00e4rker als bislang Umwelt- und Klimaschutz als Teil der L\u00f6sung f\u00fcr wirtschaftlichen Aufschwung voranzubringen: \u201e\u00d6kologie ist Motor der \u00d6konomie. Auch in schwierigen Zeiten braucht es Mut, Innovation und Tatkraft. Besonders die GreenTech-Branche zeigt, welches Potenzial in nachhaltigen L\u00f6sungen steckt. Vor allem kleine und mittlere Unternehmen gehen hier mit gutem Beispiel voran \u2013 mit Ideen, Innovationen und Verantwortung. Wir wollen und werden hier als Innovationsf\u00f6rderin mit reingehen und die Mutigen unterst\u00fctzen. Unser Anliegen ist und bleibt: Der deutsche Mittelstand.&#8221;<\/p>\n\n\n<div id='dbu_text_side_mb-block-b571364f-1eb0-4038-b0ad-76333d4c0d19' class='dbu-layout__side dbu-layout__element_blue dbu-text-side '>            \n\n<h5 class=\"wp-block-heading has-text-align-center\"><strong>Weitere Informationen<\/strong><\/h5>\n\n\n\n<p><\/p>\n\n\n\n<ul class=\"wp-block-list\">\n<li>Festakt verpasst? Die YouTube-Playlist zum Umweltpreis finden Sie <a href=\"http:\/\/www.youtube.com\/playlist?list=PLXQUuxou0kTfA8zDL5hae4h3D42kLjXlj\" data-type=\"link\" data-id=\"www.youtube.com\/playlist?list=PLXQUuxou0kTfA8zDL5hae4h3D42kLjXlj\" target=\"_blank\" rel=\"noreferrer noopener\">hier auf dem DBU-YouTube-Kanal <\/a>und eine Bildergalerie auf: <a href=\"https:\/\/www.flickr.com\/photos\/d_b_u\/albums\" target=\"_blank\" rel=\"noreferrer noopener\">https:\/\/www.flickr.com\/photos\/d_b_u\/albums<\/a><\/li>\n\n\n\n<li>Sie wollen mehr \u00fcber unsere Ausgezeichneten erfahren? Portr\u00e4ts, Interviews, O-T\u00f6ne und Hintergrundtexte \u00fcber unsere Preistr\u00e4ger*innen lesen und h\u00f6ren Sie in unserem Umweltpreis-Blog unter: <a href=\"https:\/\/www.dbu.de\/umweltpreis\/umweltpreis-blog\/\" target=\"_blank\" rel=\"noreferrer noopener\">www.dbu.de\/umweltpreis\/umweltpreis-blog\/<\/a><\/li>\n\n\n\n<li>Noch mehr Lekt\u00fcre gew\u00fcnscht? Pressemitteilungen zur Preisverleihung finden Sie unter: <a href=\"https:\/\/www.dbu.de\/presse\" target=\"_blank\" rel=\"noreferrer noopener\">www.dbu.de\/presse<\/a><\/li>\n\n\n\n<li>Der gro\u00dfe \u00dcberblick: Alle Informationen zur diesj\u00e4hrigen Preisverleihung sowie zu den Auszeichnungen der vergangenen Jahre gibt es unter: <a href=\"https:\/\/www.dbu.de\/umweltpreis\/der-deutsche-umweltpreis\/\" target=\"_blank\" rel=\"noreferrer noopener\">www.dbu.de\/umweltpreis\/der-deutsche-umweltpreis\/<\/a><\/li>\n\n\n\n<li>Informationen zur Auszeichnung mit dem Blauen Engel erhalten Sie hier:<a href=\"https:\/\/www.dbu.de\/umweltpreis-blog\/nachhaltigkeit-bei-der-preisverleihung-blauer-engel-fuer-festakt\/\" target=\"_blank\" rel=\"noreferrer noopener\"> www.dbu.de\/umweltpreis-blog\/nachhaltigkeit-bei-der-preisverleihung-blauer-engel-fuer-festakt\/<\/a><\/li>\n<\/ul>\n\n\n\n<p><\/p>\n\n\n        <\/div><\/div>\n","protected":false},"excerpt":{"rendered":"","protected":false},"author":14,"featured_media":158265,"parent":158932,"template":"","meta":{"footnotes":""},"newsletter-kategorie":[],"class_list":["post-158975","newsletter","type-newsletter","status-publish","has-post-thumbnail","hentry"],"meta_box":{"dbu_newsletter_gruppe_container":[{"dbu_newsletter_gruppe_container_select":"newsletter"}],"dbu_news_mail":"0","dbu_news_mail_status":"Eine Mail wurde nicht verschickt"},"_links":{"self":[{"href":"https:\/\/www.dbu.de\/en\/wp-json\/wp\/v2\/newsletter\/158975","targetHints":{"allow":["GET"]}}],"collection":[{"href":"https:\/\/www.dbu.de\/en\/wp-json\/wp\/v2\/newsletter"}],"about":[{"href":"https:\/\/www.dbu.de\/en\/wp-json\/wp\/v2\/types\/newsletter"}],"author":[{"embeddable":true,"href":"https:\/\/www.dbu.de\/en\/wp-json\/wp\/v2\/users\/14"}],"version-history":[{"count":10,"href":"https:\/\/www.dbu.de\/en\/wp-json\/wp\/v2\/newsletter\/158975\/revisions"}],"predecessor-version":[{"id":159369,"href":"https:\/\/www.dbu.de\/en\/wp-json\/wp\/v2\/newsletter\/158975\/revisions\/159369"}],"up":[{"embeddable":true,"href":"https:\/\/www.dbu.de\/en\/wp-json\/wp\/v2\/newsletter\/158932"}],"wp:featuredmedia":[{"embeddable":true,"href":"https:\/\/www.dbu.de\/en\/wp-json\/wp\/v2\/media\/158265"}],"wp:attachment":[{"href":"https:\/\/www.dbu.de\/en\/wp-json\/wp\/v2\/media?parent=158975"}],"wp:term":[{"taxonomy":"newsletter-kategorie","embeddable":true,"href":"https:\/\/www.dbu.de\/en\/wp-json\/wp\/v2\/newsletter-kategorie?post=158975"}],"curies":[{"name":"wp","href":"https:\/\/api.w.org\/{rel}","templated":true}]}}