{"id":96543,"date":"2024-06-05T18:18:30","date_gmt":"2024-06-05T16:18:30","guid":{"rendered":"https:\/\/www.dbu.de\/?post_type=news&#038;p=96543"},"modified":"2024-06-06T09:47:26","modified_gmt":"2024-06-06T07:47:26","slug":"erfolgsrezepte-fuer-zukunftsfaehige-erde","status":"publish","type":"news","link":"https:\/\/www.dbu.de\/en\/news\/erfolgsrezepte-fuer-zukunftsfaehige-erde\/","title":{"rendered":"\u201eErfolgsrezepte f\u00fcr zukunftsf\u00e4hige Erde\u201c"},"content":{"rendered":"\n<div class=\"wp-block-wordpress-dbu-dbu-container\">\n<figure class=\"wp-block-image alignright size-large is-resized\"><img loading=\"lazy\" decoding=\"async\" width=\"1920\" height=\"1280\" src=\"https:\/\/www.dbu.de\/app\/uploads\/dbu_media-WdU-2024-Projekt-Woodscraper_\u00a9David-Ausserhofer_DBU-2-1920x1280.jpg\" alt=\"\" class=\"wp-image-96981\" style=\"width:329px;height:auto\" srcset=\"https:\/\/www.dbu.de\/app\/uploads\/dbu_media-WdU-2024-Projekt-Woodscraper_\u00a9David-Ausserhofer_DBU-2-1920x1280.jpg 1920w, https:\/\/www.dbu.de\/app\/uploads\/dbu_media-WdU-2024-Projekt-Woodscraper_\u00a9David-Ausserhofer_DBU-2-800x533.jpg 800w, https:\/\/www.dbu.de\/app\/uploads\/dbu_media-WdU-2024-Projekt-Woodscraper_\u00a9David-Ausserhofer_DBU-2-400x267.jpg 400w\" sizes=\"auto, (max-width: 1920px) 100vw, 1920px\" \/><figcaption class=\"wp-element-caption\">DBU-Projekt: Bei seinem Rundgang zur Er\u00f6ffnung der \u201eWoche der Umwelt\u201c machte Bundespr\u00e4sident Frank-Walter Steinmeier (links) auch Halt beim Exponat zum in Wolfsburg geplanten Woodscraper der Berliner Firma \u201ePartner und Partner Architekten\u201c. Es soll das erste zirul\u00e4re Hochhaus aus Holz und Stroh werden.<\/figcaption><\/figure>\n\n\n\n<p>Osnabr\u00fcck\/Berlin. Die \u201e<a href=\"https:\/\/www.woche-der-umwelt.de\/\" data-type=\"link\" data-id=\"https:\/\/www.woche-der-umwelt.de\/\" target=\"_blank\" rel=\"noreferrer noopener\">Woche der Umwelt<\/a>\u201c auf Einladung des <a href=\"https:\/\/www.bundespraesident.de\/DE\/startseite\/startseite_node.html\" data-type=\"link\" data-id=\"https:\/\/www.bundespraesident.de\/DE\/startseite\/startseite_node.html\" target=\"_blank\" rel=\"noreferrer noopener\">Bundespr\u00e4sidenten <\/a>und der Deutschen Bundesstiftung Umwelt (DBU) gestern und heute (Mittwoch) hat nach den Worten von DBU-Generalsekret\u00e4r Alexander <strong>Bonde <\/strong>\u201eMut f\u00fcr L\u00f6sungen und Kompromisse beim Umweltschutz\u201c gemacht. Zum Abschluss der Innovationsschau im Park von Schloss Bellevue mit insgesamt rund 12.000 G\u00e4sten, einem umfangreichen Programm von Klimaneutralit\u00e4t \u00fcber Klima- und Ressourcenschutz bis zur Biodiversit\u00e4t sowie etwa 190 Ausstellenden sagte Bonde: \u201eDas sind Erfolgsrezepte f\u00fcr ein nachhaltiges Wirtschaften und Leben auf eine zukunftsf\u00e4hige Erde.\u201c<\/p>\n\n\n\n<figure class=\"wp-block-image alignleft size-large is-resized\"><img loading=\"lazy\" decoding=\"async\" width=\"1920\" height=\"1280\" src=\"https:\/\/www.dbu.de\/app\/uploads\/dbu_media-WdU-2024-BPr-im-Gespraech_\u00a9Peter-Himsel_DBU-1920x1280.jpg\" alt=\"\" class=\"wp-image-96983\" style=\"width:363px;height:auto\" srcset=\"https:\/\/www.dbu.de\/app\/uploads\/dbu_media-WdU-2024-BPr-im-Gespraech_\u00a9Peter-Himsel_DBU-1920x1280.jpg 1920w, https:\/\/www.dbu.de\/app\/uploads\/dbu_media-WdU-2024-BPr-im-Gespraech_\u00a9Peter-Himsel_DBU-800x533.jpg 800w, https:\/\/www.dbu.de\/app\/uploads\/dbu_media-WdU-2024-BPr-im-Gespraech_\u00a9Peter-Himsel_DBU-400x267.jpg 400w\" sizes=\"auto, (max-width: 1920px) 100vw, 1920px\" \/><figcaption class=\"wp-element-caption\">Bundespr\u00e4sident Frank-Walter Steinmeier diskutierte auf der \u201eWoche der Umwelt\u201c mit jungen Menschen \u00fcber deren Vorstellungen und Anforderungen an eine klimagerechte Politik und Wirtschaft.<\/figcaption><\/figure>\n\n\n\n<p><strong>Bonde: Panik ist ein schlechter Motor f\u00fcr notwendige Ver\u00e4nderungen<\/strong><\/p>\n\n\n\n<p>Mit Dank an alle Beteiligten f\u00fcr das Gelingen des Mega-Events im Schlosspark sagte Bonde, zwar seien wegen der drohenden Gefahren f\u00fcr Umwelt und Natur Warnungen wichtig, weil oft Herausforderungen \u201enicht immer ausreichend anerkannt\u201c werden. Er warnte aber vor \u201enon-stop-Mahnungen\u201c angesichts der vielf\u00e4ltigen \u00f6kologischen Krisen. \u201eWir m\u00fcssen stattdessen die Chancen und Potenziale viel besser nutzen\u201c, so Bonde.<\/p>\n\n\n\n<p><strong>Praxisbeispiele mit DBU-gef\u00f6rderten Projekten<\/strong><\/p>\n\n\n\n<p>Solche Praxisbeispiele haben die <a href=\"https:\/\/www.woche-der-umwelt.de\/wdu-ausstellende\/\" data-type=\"link\" data-id=\"https:\/\/www.woche-der-umwelt.de\/wdu-ausstellende\/\" target=\"_blank\" rel=\"noreferrer noopener\">190 Ausstellenden<\/a> an ihren St\u00e4nden im Schlosspark pr\u00e4sentiert, der sich an zwei Tagen in eine Zelt- und B\u00fchnenstadt verwandelt hat. Darunter waren auch einige Projekte, die seitens der Deutschen Bundesstiftung Umwelt gef\u00f6rdert worden sind, etwa die <a href=\"https:\/\/pflanzentheke.de\/\" data-type=\"link\" data-id=\"https:\/\/www.dbu.de\/news\/duenger-und-wasser-sparen-durch-gemueseanbau-ohne-erde\/\" target=\"_blank\" rel=\"noreferrer noopener\">Pflanzentheke GmbH<\/a>. Das Startup entwickelt in Kooperation mit der <a href=\"https:\/\/www.hs-osnabrueck.de\" data-type=\"link\" data-id=\"https:\/\/www.hs-osnabrueck.de\" target=\"_blank\" rel=\"noreferrer noopener\">Hochschule Osnabr\u00fcck<\/a> gewisserma\u00dfen eine Mini-Farm f\u00fcr Gem\u00fcsepflanzen in einem hydroponischen System \u2013 also nicht in der Erde, sondern vertikal und in n\u00e4hrstoffreichem Wasser. Ein anderes Beispiel, das Bundespr\u00e4sident Frank-Walter <strong>Steinmeier <\/strong>bei seinem Rundgang zur Er\u00f6ffnung der \u201eWoche der Umwelt\u201c in Augenschein genommen hatte: Der in Wolfsburg geplante <a href=\"https:\/\/www.woodscraper.de\/\" data-type=\"link\" data-id=\"https:\/\/www.woodscraper.de\/\" target=\"_blank\" rel=\"noreferrer noopener\">Woodscraper<\/a> der Berliner Firma \u201e<a href=\"https:\/\/partnerundpartner.com\/de\" data-type=\"link\" data-id=\"https:\/\/partnerundpartner.com\/de\" target=\"_blank\" rel=\"noreferrer noopener\">Partner und Partner Architekten<\/a>\u201c. Bonde: \u201eDas ist eine echte Zukunftsvision, wie klimagerechtes Bauen mit einem wertsch\u00e4tzenden Umgang von Ressourcen einhergehen kann. Es werden die ersten zirkul\u00e4ren Hochh\u00e4user aus Holz und Stroh.\u201c<\/p>\n\n\n\n<figure class=\"wp-block-image alignright size-large is-resized\"><img loading=\"lazy\" decoding=\"async\" width=\"1920\" height=\"1280\" src=\"https:\/\/www.dbu.de\/app\/uploads\/dbu_media-WdU-2024-Atmosphaere_\u00a9Peter-Himsel_DBU-1920x1280.jpg\" alt=\"\" class=\"wp-image-96985\" style=\"width:198px;height:auto\" srcset=\"https:\/\/www.dbu.de\/app\/uploads\/dbu_media-WdU-2024-Atmosphaere_\u00a9Peter-Himsel_DBU-1920x1280.jpg 1920w, https:\/\/www.dbu.de\/app\/uploads\/dbu_media-WdU-2024-Atmosphaere_\u00a9Peter-Himsel_DBU-800x533.jpg 800w, https:\/\/www.dbu.de\/app\/uploads\/dbu_media-WdU-2024-Atmosphaere_\u00a9Peter-Himsel_DBU-400x267.jpg 400w\" sizes=\"auto, (max-width: 1920px) 100vw, 1920px\" \/><figcaption class=\"wp-element-caption\">Ein Fest f\u00fcr Nachhaltigkeit \u2013 und f\u00fcr B\u00fcrgerinnen und B\u00fcrger: Die \u201eWoche der Umwelt\u201c auf Einladung von Bundespr\u00e4sident und Deutscher Bundesstiftung Umwelt (DBU) am 4. und 5. Juni im Park von Schloss Bellevue war nicht nur Innovationsschau f\u00fcr mehr Umweltschutz, sondern auch eine Gelegenheit, sich in au\u00dfergew\u00f6hnlichem Ambiente zu treffen und miteinander ins Gespr\u00e4ch zu kommen. Rund 12.000 G\u00e4ste waren an beiden Tagen dabei.<\/figcaption><\/figure>\n\n\n\n<p><strong>Pionierinnen und Pioniere auf vielen Ebenen gefragt<\/strong><\/p>\n\n\n\n<p>Solche Woodscraper-Pionierinnen und -Pioniere seien auf vielen Ebenen gefragt, sagte Bonde. \u201eAuf solche Menschen, die vor Zuversicht spr\u00fchen, anpacken und etwas bewegen wollen kommt es an, wenn wir Klimaneutralit\u00e4t und damit einen besseren Schutz der Erde erreichen wollen. Bonde: \u201eAuf dem Weg dorthin will die Deutsche Bundesstiftung Umwelt wie bisher eine verl\u00e4ssliche Wegbegleiterin bleiben, damit Inspiration und Innovation eines Tages Wirklichkeit werden.\u201c<\/p>\n\n\n\n<figure class=\"wp-block-image alignleft size-large is-resized\"><img loading=\"lazy\" decoding=\"async\" width=\"1920\" height=\"1280\" src=\"https:\/\/www.dbu.de\/app\/uploads\/dbu_media-WdU-2024-Stand-Pflanzentheke_\u00a9Peter-Himsel_DBU-1-1920x1280.jpg\" alt=\"\" class=\"wp-image-96987\" style=\"width:261px;height:auto\" srcset=\"https:\/\/www.dbu.de\/app\/uploads\/dbu_media-WdU-2024-Stand-Pflanzentheke_\u00a9Peter-Himsel_DBU-1-1920x1280.jpg 1920w, https:\/\/www.dbu.de\/app\/uploads\/dbu_media-WdU-2024-Stand-Pflanzentheke_\u00a9Peter-Himsel_DBU-1-800x533.jpg 800w, https:\/\/www.dbu.de\/app\/uploads\/dbu_media-WdU-2024-Stand-Pflanzentheke_\u00a9Peter-Himsel_DBU-1-400x267.jpg 400w\" sizes=\"auto, (max-width: 1920px) 100vw, 1920px\" \/><figcaption class=\"wp-element-caption\">Das Startup Pflanzentheke, ein von der Deutschen Bundesstiftung Umwelt (DBU) gef\u00f6rdertes Projekt, war auf der \u201eWoche der Umwelt\u201c einer von rund 190 Ausstellenden aus ganz Deutschland. Ihren Stand im Park von Schloss Bellevue besuchte auf seinem Rundgang zur Er\u00f6ffnung der Innovationsschau f\u00fcr mehr Umweltschutz auch Bundespr\u00e4sident Frank-Walter Steinmeier. Zusammen mit der DBU hatte er zur \u201eWoche der Umwelt\u201c eingeladen.<\/figcaption><\/figure>\n<\/div>\n\n\n\n<div class=\"wp-block-wordpress-dbu-dbu-container\">\n<h3 class=\"wp-block-heading\">Medien &amp; Infos<\/h3>\n\n\n<div id='dbu_icon_mb-block-953044f4-b151-43a4-a0bd-59777bb250f3' class='dbu-icon__container '><a id='dbu_icon_mb-block-953044f4-b151-43a4-a0bd-59777bb250f3' class='dbu-icon dbu-icon_light ' href='https:\/\/www.dbu.de\/app\/uploads\/dbu_media-PM-075-2024-WdU-Resuemee-1.pdf'><div class='dbu-icon__image'><i class='fa-sharp fa-solid fa-file-pdf'><\/i><\/div><div class='dbu-icon__content'><div class='dbu-icon__content-headline'>Pressemitteilung<\/div><\/div><\/a><\/div><\/div>\n","protected":false},"excerpt":{"rendered":"<p>\u201eWoche der Umwelt\u201c von Bundespr\u00e4sident und DBU zu Ende<\/p>\n","protected":false},"author":6,"featured_media":96977,"template":"","meta":{"footnotes":""},"categories":[12],"tags":[47,50,51,52,2423,53,2748],"class_list":["post-96543","news","type-news","status-publish","has-post-thumbnail","hentry","category-dbu","tag-klimaschutz","tag-naturschutz","tag-ressourcenschonung","tag-umweltforschung","tag-umweltkommunikation","tag-umwelttechnik","tag-woche-der-umwelt"],"meta_box":{"dbu_headerimage_cover":"","dbu_submenu":"","dbu_submenu_position":"","dbu_submenu_entry":[],"dbu_news_mail":"1","dbu_news_mail_status":"Mails wurden versandt"},"_links":{"self":[{"href":"https:\/\/www.dbu.de\/en\/wp-json\/wp\/v2\/news\/96543","targetHints":{"allow":["GET"]}}],"collection":[{"href":"https:\/\/www.dbu.de\/en\/wp-json\/wp\/v2\/news"}],"about":[{"href":"https:\/\/www.dbu.de\/en\/wp-json\/wp\/v2\/types\/news"}],"author":[{"embeddable":true,"href":"https:\/\/www.dbu.de\/en\/wp-json\/wp\/v2\/users\/6"}],"version-history":[{"count":10,"href":"https:\/\/www.dbu.de\/en\/wp-json\/wp\/v2\/news\/96543\/revisions"}],"predecessor-version":[{"id":97005,"href":"https:\/\/www.dbu.de\/en\/wp-json\/wp\/v2\/news\/96543\/revisions\/97005"}],"wp:featuredmedia":[{"embeddable":true,"href":"https:\/\/www.dbu.de\/en\/wp-json\/wp\/v2\/media\/96977"}],"wp:attachment":[{"href":"https:\/\/www.dbu.de\/en\/wp-json\/wp\/v2\/media?parent=96543"}],"wp:term":[{"taxonomy":"category","embeddable":true,"href":"https:\/\/www.dbu.de\/en\/wp-json\/wp\/v2\/categories?post=96543"},{"taxonomy":"post_tag","embeddable":true,"href":"https:\/\/www.dbu.de\/en\/wp-json\/wp\/v2\/tags?post=96543"}],"curies":[{"name":"wp","href":"https:\/\/api.w.org\/{rel}","templated":true}]}}