{"id":81199,"date":"2024-04-18T08:56:35","date_gmt":"2024-04-18T06:56:35","guid":{"rendered":"https:\/\/www.dbu.de\/?post_type=news&#038;p=81199"},"modified":"2024-04-19T12:16:59","modified_gmt":"2024-04-19T10:16:59","slug":"wie-kreislaufwirtschaft-gelingt","status":"publish","type":"news","link":"https:\/\/www.dbu.de\/en\/news\/wie-kreislaufwirtschaft-gelingt\/","title":{"rendered":"Wie Kreislaufwirtschaft gelingt"},"content":{"rendered":"\n<div class=\"wp-block-wordpress-dbu-dbu-container\">\n<figure class=\"wp-block-image alignright size-large\"><img loading=\"lazy\" decoding=\"async\" width=\"1920\" height=\"1280\" src=\"https:\/\/www.dbu.de\/app\/uploads\/dbu_media-Konsum_Jetzt-gehts-rund_\u00a9Mirco-Dreger_DBU-1920x1280.jpg\" alt=\"\" class=\"wp-image-81192\" srcset=\"https:\/\/www.dbu.de\/app\/uploads\/dbu_media-Konsum_Jetzt-gehts-rund_\u00a9Mirco-Dreger_DBU-1920x1280.jpg 1920w, https:\/\/www.dbu.de\/app\/uploads\/dbu_media-Konsum_Jetzt-gehts-rund_\u00a9Mirco-Dreger_DBU-800x533.jpg 800w, https:\/\/www.dbu.de\/app\/uploads\/dbu_media-Konsum_Jetzt-gehts-rund_\u00a9Mirco-Dreger_DBU-400x267.jpg 400w\" sizes=\"auto, (max-width: 1920px) 100vw, 1920px\" \/><figcaption class=\"wp-element-caption\">Bewusst konsumieren:  G\u00e4ste der DBU-Ausstellung erfahren, welche Umweltprobleme nicht-kreislaufgerechte Produkte bewirken.<\/figcaption><\/figure>\n\n\n\n<p>Osnabr\u00fcck. Das sogenannte lineare Wirtschaften f\u00fchrt zu knappen Ressourcen und \u00fcberm\u00e4\u00dfigen Verbrauch an Fl\u00e4che, Energie und Rohstoffen. Welche Auswege es aus solchen Dilemmata gibt, zeigt die neue <a href=\"https:\/\/www.jetztgehtsrund.org\/\" data-type=\"link\" data-id=\"https:\/\/www.jetztgehtsrund.org\/\" target=\"_blank\" rel=\"noreferrer noopener\">Ausstellung \u201eJetzt geht\u00b4s rund \u2013 Kreisl\u00e4ufe statt Abf\u00e4lle\u201c<\/a> der Deutschen Bundesstiftung Umwelt (DBU) \u2013 mit interaktiven Stationen und interessanten Einblicken, wie eine umweltfreundliche zirkul\u00e4re Zukunft funktionieren kann. Das Gemeinschaftsprojekt mit dem <a href=\"https:\/\/www.vditz.de\/\" target=\"_blank\" rel=\"noreferrer noopener\">VDI Technologiezentrum<\/a> wird heute (Donnerstag) im DBU Zentrum f\u00fcr Umweltkommunikation (ZUK) in Osnabr\u00fcck er\u00f6ffnet.<\/p>\n\n\n\n<p><strong>Ressourcen sparsamer, gerechter und nachhaltiger einsetzen<\/strong><\/p>\n\n\n\n<p>\u201eDie Art und Weise, wie wir derzeit produzieren und konsumieren, hat direkte Auswirkungen auf die Umwelt und stellt eine Gefahr f\u00fcr unsere eigene Lebensgrundlage dar\u201c, sagt DBU-Generalsekret\u00e4r Alexander <strong>Bonde<\/strong>, der die Ausstellung er\u00f6ffnet. Voraussagen des <a href=\"https:\/\/www.resourcepanel.org\/de\/Berichte\/Globaler-Ressourcenausblick-2024\" target=\"_blank\" rel=\"noreferrer noopener\">Globalen Ressourcen-Ausblicks 2024<\/a> (engl. <em>Global Resource Outlook<\/em>) der <a href=\"https:\/\/unric.org\/de\/\" target=\"_blank\" rel=\"noreferrer noopener\">Vereinten Nationen<\/a> zeigen, dass die weltweite Entnahme nat\u00fcrlicher Ressourcen bis 2060 um 60 Prozent steigen wird. Das Modell der <a href=\"https:\/\/www.nachhaltigkeitsrat.de\/nachhaltige-entwicklung\/ressourcenschonung-und-kreislaufwirtschaft\/\" target=\"_blank\" rel=\"noreferrer noopener\">Kreislaufwirtschaft<\/a> (engl. <em>Circular Economy<\/em>) soll diesen Trend umkehren, indem bestehende Materialien und Produkte so lange wie m\u00f6glich genutzt, geteilt, wiederverwendet, repariert, aufgearbeitet und recycelt werden. \u201eWir wollen mit der Ausstellung \u201eJetzt geht\u00b4s rund\u201c die Menschen an das Konzept der Kreislaufwirtschaft heranf\u00fchren; sie zum zirkul\u00e4ren Denken und Handeln motivieren\u201c, erl\u00e4utert der Gesch\u00e4ftsf\u00fchrer des VDI Technologiezentrums, Sascha <strong>Hermann<\/strong>.<\/p>\n\n\n\n<figure class=\"wp-block-image alignleft size-large\"><img loading=\"lazy\" decoding=\"async\" width=\"1920\" height=\"1195\" src=\"https:\/\/www.dbu.de\/app\/uploads\/dbu_media-Rohstoffe_Jetzt-gehts-rund_\u00a9Mirco-Dreger_DBU-1920x1195.jpg\" alt=\"\" class=\"wp-image-81194\" srcset=\"https:\/\/www.dbu.de\/app\/uploads\/dbu_media-Rohstoffe_Jetzt-gehts-rund_\u00a9Mirco-Dreger_DBU-1920x1195.jpg 1920w, https:\/\/www.dbu.de\/app\/uploads\/dbu_media-Rohstoffe_Jetzt-gehts-rund_\u00a9Mirco-Dreger_DBU-800x498.jpg 800w, https:\/\/www.dbu.de\/app\/uploads\/dbu_media-Rohstoffe_Jetzt-gehts-rund_\u00a9Mirco-Dreger_DBU-400x249.jpg 400w\" sizes=\"auto, (max-width: 1920px) 100vw, 1920px\" \/><figcaption class=\"wp-element-caption\">Ressourcenschonend handeln: Die 14. Wanderausstellung der Deutschen Bundesstiftung Umwelt (DBU) informiert \u00fcber den Abbau verschiedener Rohstoffe \u2013 und die daraus resultierenden Folgen f\u00fcr die Umwelt.<\/figcaption><\/figure>\n\n\n\n<p><strong>Bildung f\u00fcr mehr Kreislaufwirtschaft als Hebel der Wirtschaftstransformation<\/strong><\/p>\n\n\n\n<p>Der Pr\u00e4sident des <a href=\"https:\/\/www.umweltbundesamt.de\/\" target=\"_blank\" rel=\"noreferrer noopener\">Umweltbundesamtes<\/a> (UBA), Prof. Dr. Dirk <strong>Messner<\/strong>, der bei der Ausstellungser\u00f6ffnung die Keynote halten wird, betont die Wichtigkeit einer <em>Circular Economy<\/em>: \u201eZirkul\u00e4res Wirtschaften bringt wesentliche Umweltentlastungen und ist ein entscheidender Hebel f\u00fcr den Klimaschutz.\u201c Laut UBA ist der j\u00e4hrliche Prim\u00e4rrohstoffkonsum Deutschlands mit 15 Tonnen pro Kopf auf einem nach wie vor hohen Niveau. Dabei werden nach UBA-Angaben in Deutschland lediglich rund 13 Prozent der Rohstoffe im Kreislauf gef\u00fchrt. Messner zufolge hat dies starke Umweltauswirkungen und gravierende wirtschaftliche Folgen. Nach seinen Einsch\u00e4tzungen ist eine breite gesellschaftliche Akzeptanz f\u00fcr die Transformation des Wirtschaftens unabdingbar.<\/p>\n\n\n\n<p><strong>Gemeinsam L\u00f6sungen finden: Circular Economy ist nur m\u00f6glich, wenn alle mitmachen<\/strong><\/p>\n\n\n\n<figure class=\"wp-block-image alignright size-large\"><img loading=\"lazy\" decoding=\"async\" width=\"1920\" height=\"1280\" src=\"https:\/\/www.dbu.de\/app\/uploads\/dbu_media-Drehtisch_Jetzt-gehts-rund_\u00a9Mirco-Dreger_DBU-1920x1280.jpg\" alt=\"\" class=\"wp-image-81190\" srcset=\"https:\/\/www.dbu.de\/app\/uploads\/dbu_media-Drehtisch_Jetzt-gehts-rund_\u00a9Mirco-Dreger_DBU-1920x1280.jpg 1920w, https:\/\/www.dbu.de\/app\/uploads\/dbu_media-Drehtisch_Jetzt-gehts-rund_\u00a9Mirco-Dreger_DBU-800x533.jpg 800w, https:\/\/www.dbu.de\/app\/uploads\/dbu_media-Drehtisch_Jetzt-gehts-rund_\u00a9Mirco-Dreger_DBU-400x267.jpg 400w\" sizes=\"auto, (max-width: 1920px) 100vw, 1920px\" \/><figcaption class=\"wp-element-caption\">Gemeinsam etwas ver\u00e4ndern: Die Ausstellung \u201eJetzt geht\u2019s rund\u201c der Deutschen Bundesstiftung Umwelt (DBU) zeigt, wie jede und jeder Einzelne zu einer funktionierenden Kreislaufwirtschaft beitragen kann.<\/figcaption><\/figure>\n\n\n\n<p>DBU-Ausstellungsleiterin Birte <strong>Kahmann <\/strong>hat \u201eJetzt geht\u2019s rund!\u201c gemeinsam mit ihrem Team und Verantwortlichen des VDI Technologiezentrums erarbeitet. Sie macht deutlich: \u201eBeim Einkaufen macht man sich oft nicht bewusst, welche negativen Auswirkungen auf Menschen und Umwelt viele Waren verursachen.\u201c Nur wer \u00fcber die Folgen seines Konsums aufgekl\u00e4rt sei, \u201ekann ressourcenschonend handeln\u201c. Die Ausstellung will deshalb laut Kahmann mithilfe von interaktiven Stationen in drei Ausstellungsbereichen entsprechende Informationen bieten. Ein Beispiel: Besucherinnen und Besucher k\u00f6nnen verschiedene Artikel zur Kasse bringen und erfahren dort, welche Umweltprobleme nicht-kreislaufgerechte Produkte bewirken. \u201eJetzt geht\u2019s rund!\u201c informiert au\u00dferdem, wie man irref\u00fchrende Umweltversprechen erkennen kann.<\/p>\n\n\n\n<p><strong>Virtuell eigenst\u00e4ndig Sneaker designen<\/strong><\/p>\n\n\n\n<figure class=\"wp-block-image alignleft size-large\"><img loading=\"lazy\" decoding=\"async\" width=\"1920\" height=\"1195\" src=\"https:\/\/www.dbu.de\/app\/uploads\/dbu_media-Ueberblick_Jetzt-gehts-rund_\u00a9Mirco-Dreger_DBU-1920x1195.jpg\" alt=\"\" class=\"wp-image-81196\" srcset=\"https:\/\/www.dbu.de\/app\/uploads\/dbu_media-Ueberblick_Jetzt-gehts-rund_\u00a9Mirco-Dreger_DBU-1920x1195.jpg 1920w, https:\/\/www.dbu.de\/app\/uploads\/dbu_media-Ueberblick_Jetzt-gehts-rund_\u00a9Mirco-Dreger_DBU-800x498.jpg 800w, https:\/\/www.dbu.de\/app\/uploads\/dbu_media-Ueberblick_Jetzt-gehts-rund_\u00a9Mirco-Dreger_DBU-400x249.jpg 400w\" sizes=\"auto, (max-width: 1920px) 100vw, 1920px\" \/><figcaption class=\"wp-element-caption\">Er\u00f6ffnung: Die interaktive Ausstellung \u201eJetzt geht\u2019s rund\u201c der Deutschen Bundesstiftung Umwelt (DBU) startet heute (Donnerstag) mit vielen Infos zur Kreislaufwirtschaft, auch Circular Economy genannt.<\/figcaption><\/figure>\n\n\n\n<p>Im zweiten Teil der Ausstellung werden L\u00f6sungen f\u00fcr eine funktionierende Kreislaufwirtschaft vorgestellt. Hier gibt es die M\u00f6glichkeit, virtuell selbst einen kreislaufgerechten Sneaker zu designen und verschiedene Verfahren zur M\u00fclltrennung auszuprobieren. Der dritte Bereich macht deutlich, dass eine <em>Circular Economy<\/em> nur m\u00f6glich ist, wenn alle mitmachen. Ein mit verschiedenen Aussagen und Fragen bedruckter Drehtisch regt an, dar\u00fcber zu diskutieren, was man zur Kreislaufwirtschaft beitragen kann. Zudem stellt das Exponat \u201eBesuch in der Zukunft\u201c f\u00fcnf Menschen und Unternehmen vor, die Pionierarbeit in der <em>Circular Economy<\/em> leisten und somit zeigen, dass eine zirkul\u00e4re Wirtschaft zuk\u00fcnftig realisierbar ist. \u201eDie G\u00e4ste sollen die Impulse der Ausstellung mit in den Alltag nehmen \u201c, so Kahmann. Auf Postkarten gedruckte Aufgaben zum Mitnehmen laden dazu ein, den Kreislauf-Gedanken zu Hause weiterzuf\u00fchren und an andere weiterzugeben.<\/p>\n\n\n\n<p><strong>Diskutieren und Weiterdenken: Kostenlose F\u00fchrungen, Vortr\u00e4ge und Vermittlungsprogramme<\/strong><\/p>\n\n\n\n<p>Die mittlerweile 14. Ausstellung der DBU ist ein gemeinsames Projekt der DBU und des VDI Technologiezentrums. Sie wurde von \u201e<a href=\"https:\/\/itsabout.de\/\">Studio <\/a><a href=\"https:\/\/itsabout.de\/\" target=\"_blank\" rel=\"noreferrer noopener\">it\u2019s<\/a><a href=\"https:\/\/itsabout.de\/\"> about<\/a>\u201c und der \u201e<a href=\"https:\/\/molitor-berlin.de\/\" target=\"_blank\" rel=\"noreferrer noopener\">molitor GmbH<\/a>\u201c gestaltet und teils aus recycelten und kreislauff\u00e4higen Materialien gebaut. Sie kann bis M\u00e4rz 2026 im ZUK besucht werden, bevor sie in ganz Deutschland auf Wanderschaft geht. Ge\u00f6ffnet ist sie montags bis donnerstags von 9 bis 16 Uhr und freitags von 9 bis 12:30 Uhr sowie nach vorheriger Vereinbarung. Im Zuge der Ausstellung sind kostenlose F\u00fchrungen, Vortr\u00e4ge und Vermittlungsprogramme f\u00fcr Klassen ab der siebten Jahrgangsstufe m\u00f6glich. Weitere Informationen unter <a href=\"https:\/\/www.jetztgehtsrund.org\/\" target=\"_blank\" rel=\"noreferrer noopener\">www.jetztgehtsrund.org<\/a>.<\/p>\n\n\n\n<p><\/p>\n\n\n\n<p class=\"has-text-align-center\"><strong>Weitere Impressionen von der Ausstellungser\u00f6ffnung<\/strong><br><strong>Fotos: \u00a9 Sina K\u00fcper\/DBU<\/strong><\/p>\n\n\n\n<figure class=\"wp-block-image alignleft size-large\"><img loading=\"lazy\" decoding=\"async\" width=\"1920\" height=\"1280\" src=\"https:\/\/www.dbu.de\/app\/uploads\/dbu_media-DBU-Ausstellungseroeffnung_Publikum_Jetzt-gehts-rund_\u00a9Sina-Kueper_DBU-1920x1280.jpg\" alt=\"\" class=\"wp-image-81249\" srcset=\"https:\/\/www.dbu.de\/app\/uploads\/dbu_media-DBU-Ausstellungseroeffnung_Publikum_Jetzt-gehts-rund_\u00a9Sina-Kueper_DBU-1920x1280.jpg 1920w, https:\/\/www.dbu.de\/app\/uploads\/dbu_media-DBU-Ausstellungseroeffnung_Publikum_Jetzt-gehts-rund_\u00a9Sina-Kueper_DBU-800x533.jpg 800w, https:\/\/www.dbu.de\/app\/uploads\/dbu_media-DBU-Ausstellungseroeffnung_Publikum_Jetzt-gehts-rund_\u00a9Sina-Kueper_DBU-400x267.jpg 400w\" sizes=\"auto, (max-width: 1920px) 100vw, 1920px\" \/><\/figure>\n\n\n\n<figure class=\"wp-block-image alignleft size-large\"><img loading=\"lazy\" decoding=\"async\" width=\"1920\" height=\"1298\" src=\"https:\/\/www.dbu.de\/app\/uploads\/dbu_media-DBU-Ausstellungseroeffnung_Jetzt-gehts-rund_\u00a9Sina-Kueper_DBU-1920x1298.jpg\" alt=\"\" class=\"wp-image-81251\" srcset=\"https:\/\/www.dbu.de\/app\/uploads\/dbu_media-DBU-Ausstellungseroeffnung_Jetzt-gehts-rund_\u00a9Sina-Kueper_DBU-1920x1298.jpg 1920w, https:\/\/www.dbu.de\/app\/uploads\/dbu_media-DBU-Ausstellungseroeffnung_Jetzt-gehts-rund_\u00a9Sina-Kueper_DBU-800x541.jpg 800w, https:\/\/www.dbu.de\/app\/uploads\/dbu_media-DBU-Ausstellungseroeffnung_Jetzt-gehts-rund_\u00a9Sina-Kueper_DBU-400x270.jpg 400w\" sizes=\"auto, (max-width: 1920px) 100vw, 1920px\" \/><\/figure>\n\n\n\n<figure class=\"wp-block-image alignleft size-large\"><img loading=\"lazy\" decoding=\"async\" width=\"1920\" height=\"1280\" src=\"https:\/\/www.dbu.de\/app\/uploads\/dbu_media-DBU-Ausstellungseroeffnung_Jetzt-gehts-rund_Gaeste_\u00a9Sina-Kueper_DBU-1920x1280.jpg\" alt=\"\" class=\"wp-image-81255\" srcset=\"https:\/\/www.dbu.de\/app\/uploads\/dbu_media-DBU-Ausstellungseroeffnung_Jetzt-gehts-rund_Gaeste_\u00a9Sina-Kueper_DBU-1920x1280.jpg 1920w, https:\/\/www.dbu.de\/app\/uploads\/dbu_media-DBU-Ausstellungseroeffnung_Jetzt-gehts-rund_Gaeste_\u00a9Sina-Kueper_DBU-800x533.jpg 800w, https:\/\/www.dbu.de\/app\/uploads\/dbu_media-DBU-Ausstellungseroeffnung_Jetzt-gehts-rund_Gaeste_\u00a9Sina-Kueper_DBU-400x267.jpg 400w\" sizes=\"auto, (max-width: 1920px) 100vw, 1920px\" \/><\/figure>\n\n\n\n<figure class=\"wp-block-image alignleft size-large\"><img loading=\"lazy\" decoding=\"async\" width=\"1920\" height=\"1283\" src=\"https:\/\/www.dbu.de\/app\/uploads\/dbu_media-DBU-Ausstellungseroeffnung_Jetzt-gehts-rund_Kleine-Gaeste_\u00a9Sina-Kueper_DBU-1920x1283.jpg\" alt=\"\" class=\"wp-image-81264\" srcset=\"https:\/\/www.dbu.de\/app\/uploads\/dbu_media-DBU-Ausstellungseroeffnung_Jetzt-gehts-rund_Kleine-Gaeste_\u00a9Sina-Kueper_DBU-1920x1283.jpg 1920w, https:\/\/www.dbu.de\/app\/uploads\/dbu_media-DBU-Ausstellungseroeffnung_Jetzt-gehts-rund_Kleine-Gaeste_\u00a9Sina-Kueper_DBU-800x534.jpg 800w, https:\/\/www.dbu.de\/app\/uploads\/dbu_media-DBU-Ausstellungseroeffnung_Jetzt-gehts-rund_Kleine-Gaeste_\u00a9Sina-Kueper_DBU-400x267.jpg 400w\" sizes=\"auto, (max-width: 1920px) 100vw, 1920px\" \/><\/figure>\n\n\n\n<figure class=\"wp-block-image alignleft size-large\"><img loading=\"lazy\" decoding=\"async\" width=\"1920\" height=\"1308\" src=\"https:\/\/www.dbu.de\/app\/uploads\/dbu_media-DBU-Ausstellungseroeffnung_Jetzt-gehts-rund__\u00a9Sina-Kueper_DBU-1-1920x1308.jpg\" alt=\"\" class=\"wp-image-81260\" srcset=\"https:\/\/www.dbu.de\/app\/uploads\/dbu_media-DBU-Ausstellungseroeffnung_Jetzt-gehts-rund__\u00a9Sina-Kueper_DBU-1-1920x1308.jpg 1920w, https:\/\/www.dbu.de\/app\/uploads\/dbu_media-DBU-Ausstellungseroeffnung_Jetzt-gehts-rund__\u00a9Sina-Kueper_DBU-1-800x545.jpg 800w, https:\/\/www.dbu.de\/app\/uploads\/dbu_media-DBU-Ausstellungseroeffnung_Jetzt-gehts-rund__\u00a9Sina-Kueper_DBU-1-400x272.jpg 400w\" sizes=\"auto, (max-width: 1920px) 100vw, 1920px\" \/><\/figure>\n<\/div>\n\n\n\n<div class=\"wp-block-wordpress-dbu-dbu-container\">\n<h3 class=\"wp-block-heading\">Medien &amp; Infos<\/h3>\n\n\n<div id='dbu_icon_mb-block-647b7b47-c310-4eaf-b682-3bd2d178bf52' class='dbu-icon__container '><a id='dbu_icon_mb-block-647b7b47-c310-4eaf-b682-3bd2d178bf52' class='dbu-icon  ' href='\/app\/plugins\/hidden-send.php?id=unKtNKn6nOriF%2FpcW7sspH%2BNAiTbIhA77NJu8pbICQA%3D'><div class='dbu-icon__image'><i class='fa-sharp fa-solid fa-at'><\/i><\/div><div class='dbu-icon__content'><div class='dbu-icon__content-headline'>Birte Kahmann<\/div><div class='dbu-icon__content-text'>Ausstellungsleitung<\/div><\/div><\/a><a id='dbu_icon_mb-block-647b7b47-c310-4eaf-b682-3bd2d178bf52' class='dbu-icon  ' href='https:\/\/www.dbu.de\/app\/uploads\/dbu_media-PM-055-2024-Ausstellung-Jetzt-gehts-rund.pdf'><div class='dbu-icon__image'><i class='fa-sharp fa-solid fa-file-pdf'><\/i><\/div><div class='dbu-icon__content'><div class='dbu-icon__content-headline'>Pressemitteilung<\/div><\/div><\/a><\/div><\/div>\n","protected":false},"excerpt":{"rendered":"<p>Start der DBU-Ausstellung \u201eJetzt geht\u2019s rund\u201c<\/p>\n","protected":false},"author":13,"featured_media":81196,"template":"","meta":{"footnotes":""},"categories":[12],"tags":[44,47,51,53],"class_list":["post-81199","news","type-news","status-publish","has-post-thumbnail","hentry","category-dbu","tag-bildung-kommunikation","tag-klimaschutz","tag-ressourcenschonung","tag-umwelttechnik"],"meta_box":{"dbu_headerimage_cover":"","dbu_submenu":"","dbu_submenu_position":"","dbu_submenu_entry":[],"dbu_news_mail":"1","dbu_news_mail_status":"Mails wurden versandt"},"_links":{"self":[{"href":"https:\/\/www.dbu.de\/en\/wp-json\/wp\/v2\/news\/81199","targetHints":{"allow":["GET"]}}],"collection":[{"href":"https:\/\/www.dbu.de\/en\/wp-json\/wp\/v2\/news"}],"about":[{"href":"https:\/\/www.dbu.de\/en\/wp-json\/wp\/v2\/types\/news"}],"author":[{"embeddable":true,"href":"https:\/\/www.dbu.de\/en\/wp-json\/wp\/v2\/users\/13"}],"version-history":[{"count":18,"href":"https:\/\/www.dbu.de\/en\/wp-json\/wp\/v2\/news\/81199\/revisions"}],"predecessor-version":[{"id":81268,"href":"https:\/\/www.dbu.de\/en\/wp-json\/wp\/v2\/news\/81199\/revisions\/81268"}],"wp:featuredmedia":[{"embeddable":true,"href":"https:\/\/www.dbu.de\/en\/wp-json\/wp\/v2\/media\/81196"}],"wp:attachment":[{"href":"https:\/\/www.dbu.de\/en\/wp-json\/wp\/v2\/media?parent=81199"}],"wp:term":[{"taxonomy":"category","embeddable":true,"href":"https:\/\/www.dbu.de\/en\/wp-json\/wp\/v2\/categories?post=81199"},{"taxonomy":"post_tag","embeddable":true,"href":"https:\/\/www.dbu.de\/en\/wp-json\/wp\/v2\/tags?post=81199"}],"curies":[{"name":"wp","href":"https:\/\/api.w.org\/{rel}","templated":true}]}}