{"id":61522,"date":"2023-12-15T08:58:33","date_gmt":"2023-12-15T07:58:33","guid":{"rendered":"https:\/\/www.dbu.de\/?post_type=news&#038;p=61522"},"modified":"2023-12-15T08:58:34","modified_gmt":"2023-12-15T07:58:34","slug":"deutscher-umweltpreis-2024-noch-bis-15-januar-vorschlaege-einreichen","status":"publish","type":"news","link":"https:\/\/www.dbu.de\/en\/news\/deutscher-umweltpreis-2024-noch-bis-15-januar-vorschlaege-einreichen\/","title":{"rendered":"Deutscher Umweltpreis 2024: Noch bis 15. Januar Vorschl\u00e4ge einreichen"},"content":{"rendered":"\n<div class=\"wp-block-wordpress-dbu-dbu-container\">\n<p>Osnabr\u00fcck. Erstmals ist nun in Dubai eine Weltklimakonferenz mit der Einigung auf die Abkehr von fossilen Energien zu Ende gegangen. Um solche und andere Ziele zum Schutz von Mensch, Tier und Planet auch umzusetzen, sind konkrete Vorhaben vor Ort gefragt \u2013 und damit Innovationen, pfiffige Ideen sowie wissenschaftlicher und wirtschaftlicher Wagemut. Die Deutsche Bundesstiftung Umwelt (DBU) will derartige herausragende Leistungen mit dem von ihr verliehenen <a href=\"https:\/\/www.dbu.de\/umweltpreis\/\" data-type=\"link\" data-id=\"https:\/\/www.dbu.de\/umweltpreis\/\" target=\"_blank\" rel=\"noreferrer noopener\">Deutschen Umweltpreis<\/a> in H\u00f6he von 500.000 Euro w\u00fcrdigen \u2013 einer der h\u00f6chstdotierten Umweltauszeichnungen Europas. N\u00e4chstes Jahr wird der Preis zum 32. Mal und dann in Mainz vergeben. Noch bis zum 15. Januar 2024 k\u00f6nnen Pers\u00f6nlichkeiten der mittelst\u00e4ndischen Wirtschaft sowie aus Wissenschaft, Forschung und Gesellschaft f\u00fcr die DBU-Auszeichnung vorgeschlagen werden.<\/p>\n\n\n\n<p><strong>Seit 1993 verleiht die DBU den Deutschen Umweltpreis<\/strong><\/p>\n\n\n\n<p>\u201eDer Deutsche Umweltpreis soll eine Anerkennung f\u00fcr diejenigen sein, die mit au\u00dfergew\u00f6hnlichem Einsatz den Schutz und Erhalt von Umwelt, Klima und Biodiversit\u00e4t voranbringen\u201c, sagt DBU-Generalsekret\u00e4r Alexander <strong>Bonde<\/strong>. \u201eWir freuen uns deshalb auf Vorschl\u00e4ge f\u00fcr geeignete Pers\u00f6nlichkeiten.\u201c Zum festen Kreis der seitens des DBU-Kuratoriums bestimmten mehr als 200 Vorschlagsberechtigten geh\u00f6ren neben Einzelpersonen wie etwa fr\u00fchere Preistr\u00e4gerinnen und Preistr\u00e4ger auch Institutionen \u2013 darunter Forschungs-, Umwelt- und Naturschutzeinrichtungen, Arbeitgeber- und Branchenverb\u00e4nde sowie Gewerkschaften, Kirchen und Medien. Eigenbewerbungen sind nicht m\u00f6glich. Informationen zum vierstufigen Nominierungsverfahren finden sich unter <a href=\"https:\/\/www.dbu.de\/umweltpreis\/umweltpreisvorschlaege\/\" target=\"_blank\" rel=\"noreferrer noopener\">https:\/\/www.dbu.de\/umweltpreis\/umweltpreisvorschlaege\/<\/a>. Seit 1993 w\u00fcrdigt die DBU mit dem Deutschen Umweltpreis hervorragende Leistungen und bahnbrechende Ideen f\u00fcr mehr Klima-, Arten-, Umwelt- und Ressourcenschutz. Nach Ablauf der Vorschlagsfrist pr\u00fcft und bewertet zun\u00e4chst die DBU-Gesch\u00e4ftsstelle alle Vorschl\u00e4ge unter Einbindung externer Gutachten. Im n\u00e4chsten Schritt gehen die Empfehlungen an eine 16-k\u00f6pfige hochkar\u00e4tige <a href=\"https:\/\/www.dbu.de\/umweltpreis\/jury\/\" data-type=\"link\" data-id=\"https:\/\/www.dbu.de\/umweltpreis\/jury\/\" target=\"_blank\" rel=\"noreferrer noopener\">Jury <\/a>mit Expertinnen und Experten aus Wissenschaft, Wirtschaft und Gesellschaft. Aufbauend auf die Bewertung der Jury trifft schlie\u00dflich das <a href=\"https:\/\/www.dbu.de\/ueber-uns\/deutsche-bundesstiftung-umwelt\/kuratorium\/\" data-type=\"link\" data-id=\"https:\/\/www.dbu.de\/ueber-uns\/deutsche-bundesstiftung-umwelt\/kuratorium\/\" target=\"_blank\" rel=\"noreferrer noopener\">DBU-Kuratorium<\/a> die finale Entscheidung.<\/p>\n\n\n\n<p><strong>Bonde: F\u00fcr das gemeinsame Ziel L\u00f6sungen und Kompromisse<\/strong><\/p>\n\n\n\n<p>Dieses Jahr hat die DBU zwei Frauen mit dem Deutschen Umweltpreis bei einem Festakt in L\u00fcbeck ausgezeichnet: Klimaforscherin Prof. Dr. Friederike <strong>Otto <\/strong>und Holzbau-Unternehmerin Dipl.-Ing. Dagmar <strong>Fritz-Kramer<\/strong>. \u00dcberreicht wurde die Ehrung von <a href=\"https:\/\/www.bundespraesident.de\/DE\/startseite\/startseite_node.html\" data-type=\"link\" data-id=\"https:\/\/www.bundespraesident.de\/DE\/startseite\/startseite_node.html\" target=\"_blank\" rel=\"noreferrer noopener\">Bundespr\u00e4sident <\/a>Frank-Walter <strong>Steinmeier<\/strong>. In seiner Festakt-Rede gratulierte das Staatsoberhaupt \u201eaus ganzem Herzen\u201c den beiden Preistr\u00e4gerinnen zu dieser \u201ehoch angesehenen\u201c Auszeichnung. Der Bundespr\u00e4sident rief zugleich dazu auf, Gewohnheiten und Lebensweisen noch in vielem zu \u00e4ndern, \u201eum der gro\u00dfen Herausforderung des Klimawandels gerecht zu werden\u201c. Wie der Bundespr\u00e4sident hat auch DBU-Generalsekret\u00e4r Bonde einen dringenden Appell: \u201eWir leben in einer Zeit der Polykrisen. Umso wichtiger ist es, dass der Kampf gegen den Klimawandel und gegen die Bedrohung der Biodiversit\u00e4t weiter ganz oben auf der politischen Priorit\u00e4tenliste bleibt.\u201c Die Weltklimakonferenz in Dubai habe einmal mehr bewiesen, \u201edass trotz nationaler Partikularinteressen der Erhalt der Umwelt in unser aller Interesse liegt. F\u00fcr dieses gemeinsame Ziel brauchen wir L\u00f6sungen und Kompromisse.\u201c<\/p>\n\n\n\n<figure class=\"wp-block-image alignright size-large is-resized\"><img loading=\"lazy\" decoding=\"async\" width=\"1920\" height=\"1280\" src=\"https:\/\/www.dbu.de\/app\/uploads\/dbu_media-Deutscher-Umweltpreis_Logo_\u00a9Peter-Himsel_DBU-1920x1280.jpg\" alt=\"\" class=\"wp-image-61524\" style=\"width:385px;height:auto\" srcset=\"https:\/\/www.dbu.de\/app\/uploads\/dbu_media-Deutscher-Umweltpreis_Logo_\u00a9Peter-Himsel_DBU-1920x1280.jpg 1920w, https:\/\/www.dbu.de\/app\/uploads\/dbu_media-Deutscher-Umweltpreis_Logo_\u00a9Peter-Himsel_DBU-800x533.jpg 800w, https:\/\/www.dbu.de\/app\/uploads\/dbu_media-Deutscher-Umweltpreis_Logo_\u00a9Peter-Himsel_DBU-400x267.jpg 400w\" sizes=\"auto, (max-width: 1920px) 100vw, 1920px\" \/><figcaption class=\"wp-element-caption\">Auswahlverfahren: Noch bis zum 15. Januar 2024 k\u00f6nnen Vorschl\u00e4ge f\u00fcr potenzielle Preistr\u00e4gerinnen und Preistr\u00e4ger des mit 500.000 Euro dotierten Deutschen Umweltpreises im n\u00e4chsten Jahr eingereicht werden. Die Deutsche Bundesstiftung Umwelt (DBU) w\u00fcrdigt mit dem Preis herausragende Leistungen f\u00fcr Erhalt und Schutz von Umwelt, Klima und Biodiversit\u00e4t.<\/figcaption><\/figure>\n\n\n\n<p><strong>Nach dem Deutschen Umweltpreis folgten sogar Nobelpreise<\/strong><\/p>\n\n\n\n<p>Nach Bondes Worten haben die bisher mit dem Deutschen Umweltpreis Ausgezeichneten \u201estets aufs Neue in beeindruckender Weise gezeigt, was alles m\u00f6glich ist, wenn man zusammen anpackt und Br\u00fccken baut\u201c. Neben Friederike Otto und Dagmar Fritz-Kramer erhielten den Deutschen Umweltpreis der DBU in den Vorjahren unter anderem das Ingenieur-Duo Friedrich <strong>Mewis <\/strong>und Dirk <strong>Lehmann<\/strong>, der Biologe Dr. Christof <strong>Schenck <\/strong>sowie die Gesch\u00e4ftsf\u00fchrung der digitalisierten <a href=\"https:\/\/www.blechwaren-limburg.de\" data-type=\"link\" data-id=\"https:\/\/www.blechwaren-limburg.de\" target=\"_blank\" rel=\"noreferrer noopener\">Blechwarenfabrik Limburg<\/a>, Annika <strong>Roth <\/strong>und Hugo <strong>Trappmann <\/strong>(2020), der Inhaber der Firma <a href=\"https:\/\/werner-mertz.de\/\" data-type=\"link\" data-id=\"https:\/\/werner-mertz.de\/\" target=\"_blank\" rel=\"noreferrer noopener\">Werner und Mertz<\/a> mit der Wasch- und Reinigungsmittelmarke <a href=\"https:\/\/frosch.de\/de\/\" data-type=\"link\" data-id=\"https:\/\/frosch.de\/de\/\" target=\"_blank\" rel=\"noreferrer noopener\">Frosch<\/a>, Reinhard <strong>Schneider <\/strong>(2019), und die Meeresbiologin Prof. Dr. Antje <strong>Boetius <\/strong>(2018). Zuvor waren die Gr\u00fcnderin des ersten \u00d6kostromanbieters Deutschlands, Ursula <strong>Sladek <\/strong>(2013), sowie die Klimawissenschaftler Prof. Dr. Mojib <strong>Latif<\/strong>, Prof. Dr. Johan <strong>Rockstr\u00f6m <\/strong>(beide 2015) und Prof. Dr. Joachim <strong>Schellnhuber <\/strong>(2007) ausgezeichnet worden. Einige Tr\u00e4ger des Deutschen Umweltpreises erhielten gar Nobelpreise: Zum einen bekam der mittlerweile verstorbene Ozonforscher Prof. Dr. Paul J. <strong>Crutzen <\/strong>(1994) den Nobelpreis f\u00fcr Chemie, und Klimaforscher Prof. Dr. Klaus <strong>Hasselmann <\/strong>(1998) &nbsp;wurde im Dezember 2021 von der <a href=\"https:\/\/www.kva.se\/en\/\" data-type=\"link\" data-id=\"https:\/\/www.kva.se\/en\/\" target=\"_blank\" rel=\"noreferrer noopener\">K\u00f6niglich-Schwedischen Akademie der Wissenschaften<\/a> in Stockholm mit dem Physik-Nobelpreis f\u00fcr seine Klimamodellierungen gew\u00fcrdigt.<\/p>\n<\/div>\n\n\n\n<div class=\"wp-block-wordpress-dbu-dbu-container\">\n<h3 class=\"wp-block-heading\">Medien &amp; Infos<\/h3>\n\n\n<div id='dbu_icon_mb-block-0b135b06-8d04-4a4f-9aa2-3a314b140f34' class='dbu-icon__container '><a id='dbu_icon_mb-block-0b135b06-8d04-4a4f-9aa2-3a314b140f34' class='dbu-icon  ' href='https:\/\/www.dbu.de\/app\/uploads\/dbu_media-PM-151-2023-Start-Auswahlverfahren-UWP-2024.pdf'><div class='dbu-icon__image'><i class='fa-sharp fa-solid fa-file-pdf'><\/i><\/div><div class='dbu-icon__content'><div class='dbu-icon__content-headline'>Pressemitteilung<\/div><\/div><\/a><\/div><\/div>\n","protected":false},"excerpt":{"rendered":"<p>Vierstufiges Auswahlverfahren der DBU l\u00e4uft \u2013 Hochdotiert<\/p>\n","protected":false},"author":6,"featured_media":61524,"template":"","meta":{"footnotes":""},"categories":[12],"tags":[45],"class_list":["post-61522","news","type-news","status-publish","has-post-thumbnail","hentry","category-dbu","tag-deutscher-umweltpreis"],"meta_box":{"dbu_headerimage_cover":"","dbu_submenu":"","dbu_submenu_position":"","dbu_submenu_entry":[],"dbu_news_mail":"1","dbu_news_mail_status":"Mails wurden versandt"},"_links":{"self":[{"href":"https:\/\/www.dbu.de\/en\/wp-json\/wp\/v2\/news\/61522","targetHints":{"allow":["GET"]}}],"collection":[{"href":"https:\/\/www.dbu.de\/en\/wp-json\/wp\/v2\/news"}],"about":[{"href":"https:\/\/www.dbu.de\/en\/wp-json\/wp\/v2\/types\/news"}],"author":[{"embeddable":true,"href":"https:\/\/www.dbu.de\/en\/wp-json\/wp\/v2\/users\/6"}],"version-history":[{"count":3,"href":"https:\/\/www.dbu.de\/en\/wp-json\/wp\/v2\/news\/61522\/revisions"}],"predecessor-version":[{"id":61557,"href":"https:\/\/www.dbu.de\/en\/wp-json\/wp\/v2\/news\/61522\/revisions\/61557"}],"wp:featuredmedia":[{"embeddable":true,"href":"https:\/\/www.dbu.de\/en\/wp-json\/wp\/v2\/media\/61524"}],"wp:attachment":[{"href":"https:\/\/www.dbu.de\/en\/wp-json\/wp\/v2\/media?parent=61522"}],"wp:term":[{"taxonomy":"category","embeddable":true,"href":"https:\/\/www.dbu.de\/en\/wp-json\/wp\/v2\/categories?post=61522"},{"taxonomy":"post_tag","embeddable":true,"href":"https:\/\/www.dbu.de\/en\/wp-json\/wp\/v2\/tags?post=61522"}],"curies":[{"name":"wp","href":"https:\/\/api.w.org\/{rel}","templated":true}]}}