{"id":60523,"date":"2023-11-27T08:57:43","date_gmt":"2023-11-27T07:57:43","guid":{"rendered":"https:\/\/www.dbu.de\/?post_type=news&#038;p=60523"},"modified":"2025-05-06T12:46:34","modified_gmt":"2025-05-06T10:46:34","slug":"naturschutz-zum-anpacken-freiwillige-am-lauterberg-aktiv","status":"publish","type":"news","link":"https:\/\/www.dbu.de\/en\/news\/naturschutz-zum-anpacken-freiwillige-am-lauterberg-aktiv\/","title":{"rendered":"Naturschutz zum Anpacken \u2013 Freiwillige am Lauterberg aktiv"},"content":{"rendered":"\n<div class=\"wp-block-wordpress-dbu-dbu-container\">\n<figure class=\"wp-block-image alignright size-large\"><img loading=\"lazy\" decoding=\"async\" width=\"1920\" height=\"1282\" src=\"https:\/\/www.dbu.de\/app\/uploads\/dbu_media-Lauterberg_Hordengatterbau3_Bergwaldprojekt-e.V-1920x1282.jpg\" alt=\"\" class=\"wp-image-58079\" srcset=\"https:\/\/www.dbu.de\/app\/uploads\/dbu_media-Lauterberg_Hordengatterbau3_Bergwaldprojekt-e.V-1920x1282.jpg 1920w, https:\/\/www.dbu.de\/app\/uploads\/dbu_media-Lauterberg_Hordengatterbau3_Bergwaldprojekt-e.V-800x534.jpg 800w, https:\/\/www.dbu.de\/app\/uploads\/dbu_media-Lauterberg_Hordengatterbau3_Bergwaldprojekt-e.V-400x267.jpg 400w\" sizes=\"auto, (max-width: 1920px) 100vw, 1920px\" \/><figcaption class=\"wp-element-caption\">Freiwillige aus ganz Deutschland nutzen ihre Freizeit, um sich im praktischen Naturschutz zu engagieren.    \u00a9 Bergwaldprojekt e.V.<\/figcaption><\/figure>\n\n\n\n<p>Coburg. 11 freiwillige Helferinnen und Helfer aus ganz Deutschland nutzen ihre Freizeit, um sich im praktischen Naturschutz zu engagieren: Vom 26. November bis zum 2. Dezember ist der <a href=\"https:\/\/www.bergwaldprojekt.de\/\" target=\"_blank\" rel=\"noreferrer noopener\">Verein Bergwaldprojekt<\/a> zum zweiten Mal zu Gast auf der <a href=\"https:\/\/www.dbu.de\/naturerbeflaechen\/lauterberg\/\" target=\"_blank\" rel=\"noreferrer noopener\">DBU-Naturerbefl\u00e4che Lauterberg<\/a> n\u00f6rdlich von Coburg. Eine Woche lang leisten die Teilnehmenden einen pers\u00f6nlichen Beitrag, um dort eine nat\u00fcrliche Waldentwicklung mit jungen heimischen Laubb\u00e4umen voranzubringen. Neben den praktischen Arbeiten soll der Einsatz die Freiwilligen auch f\u00fcr eine nachhaltige Lebensweise in ihrem Alltag sensibilisieren.<\/p>\n\n\n\n<p><strong>Naturschutz als Gemeinschaftsaufgabe<\/strong><\/p>\n\n\n\n<p>Dieses Mal stehen junge Laubb\u00e4ume im Fokus: Die Teilnehmerinnen und Teilnehmer aus ganz Deutschland bauen flexible Schutzz\u00e4une aus Holz, um die aufwachsenden Buchen und Eichen vor Wildverbiss zu sch\u00fctzen. \u201eDort wo Nadelholz aufgrund der Trockenheit abgestorben ist oder wegen Borkenk\u00e4ferbefall gef\u00e4llt wurde, wachsen nun junge Laubmischw\u00e4lder aus S\u00e4mlingen auf. Diese Naturverj\u00fcngung unterst\u00fctzen wir, indem wir sogenannte Hordengatter errichten, die das Wild davon abhalten sollen, die jungen Triebe abzuknabbern\u201c, erkl\u00e4rt Revierleiter Jens-Eckard <strong>Meyer <\/strong>vom <a href=\"https:\/\/www.bundesimmobilien.de\/bundesforst\" target=\"_blank\" rel=\"noreferrer noopener\">Bundesforst<\/a>betrieb Reu\u00dfenberg. Mit vier Meter langen Holzlatten werden Zaunelemente errichtet und um die aufwachsenden Jungb\u00e4ume gestellt. \u201eDie freiwilligen Helferinnen und Helfer leisten hier harte Arbeit\u201c, stellt Meyer fest. Arbeit, die sich lohnt. So entstehe ein Laubmischwald, der zuk\u00fcnftig besser f\u00fcr Klimawandelfolgen wie Trockenheit und Kalamit\u00e4ten ger\u00fcstet ist. Teilweise werden auch &nbsp;junge Wildlinge wie Feldahorn, Linde oder Elsbeere aus gesunden Waldbest\u00e4nden entnommen und in die Freifl\u00e4chen verpflanzt. Der Einsatz wird von der gemeinn\u00fctzigen Tochtergesellschaft der Deutschen Bundesstiftung Umwelt (DBU), dem DBU Naturerbe, als Fl\u00e4cheneigent\u00fcmerin gemeinsam mit dem Verein Bergwaldprojekt kofinanziert.<\/p>\n\n\n\n<figure class=\"wp-block-image alignleft size-large\"><img loading=\"lazy\" decoding=\"async\" width=\"1920\" height=\"1282\" src=\"https:\/\/www.dbu.de\/app\/uploads\/dbu_media-Lauterberg_Hordengatterbau2_Bergwaldprojekt-e.V-1920x1282.jpg\" alt=\"\" class=\"wp-image-58077\" srcset=\"https:\/\/www.dbu.de\/app\/uploads\/dbu_media-Lauterberg_Hordengatterbau2_Bergwaldprojekt-e.V-1920x1282.jpg 1920w, https:\/\/www.dbu.de\/app\/uploads\/dbu_media-Lauterberg_Hordengatterbau2_Bergwaldprojekt-e.V-800x534.jpg 800w, https:\/\/www.dbu.de\/app\/uploads\/dbu_media-Lauterberg_Hordengatterbau2_Bergwaldprojekt-e.V-400x267.jpg 400w\" sizes=\"auto, (max-width: 1920px) 100vw, 1920px\" \/><figcaption class=\"wp-element-caption\">Die Teilnehmenden vom Bergwaldprojekt bauen auf der DBU-Naturerbefl\u00e4che Lauterberg flexible Schutzz\u00e4une, um die aufwachsenden Buchen und Eichen vor Wildverbiss zu sch\u00fctzen.  \u00a9 Bergwaldprojekt e.V.<\/figcaption><\/figure>\n\n\n\n<p><strong>Bergwaldprojekt organisiert 169 Projektwochen im Jahr<\/strong><\/p>\n\n\n\n<p>Unter fachkundiger Leitung von F\u00f6rster Henning <strong>Rothe <\/strong>vom Bergwaldprojekt e.V. werden die Teilnehmenden nicht nur praktische Erfahrung sammeln. Das Bergwaldprojekt bringt mit seinen Einsatzwochen allein in Deutschland jedes Jahr \u00fcber 5.000 Menschen in die Natur. 2023 finden 169 Projektwochen an 74 verschiedenen Standorten in ganz Deutschland statt. Die Einsatzwochen werden von Bildungsarbeit begleitet und dadurch die durchgef\u00fchrten Arbeiten in einen gr\u00f6\u00dferen Umwelt- und Nachhaltigkeitszusammenhang gesetzt. In jeder Bergwaldprojekt-Woche ist zudem eine Exkursion vorgesehen, bei der die vielf\u00e4ltigen Aspekte des \u00d6kosystems vor Ort n\u00e4her beleuchtet und seine Bedeutung und Bedrohung besser verst\u00e4ndlich gemacht werden. Das konkrete Beispiel hilft dabei, die globalen \u00f6kologischen Krisen zu veranschaulichen. Untergebracht sind die Helferinnen und Helfer f\u00fcr die Woche in Lauterberg in einem Freizeitheim in Mehrbettzimmern. Ein K\u00fcchenteam des Bergwaldprojekts k\u00fcmmert sich um die vegetarische, biologische und m\u00f6glichst regionale und saisonale Verpflegung der Teilnehmenden. \u201eIndem sich die Ehrenamtlichen aktiv f\u00fcr die Natur engagieren, entwickeln sie auch neue Beziehungen zu ihr. Die positiven Erfahrungen aus den Projektwochen best\u00e4rken die Freiwilligen darin, auch ihren eigenen Alltag naturvertr\u00e4glicher und ressourcenschonender zu gestalten. So beteiligen sie sich aktiv an dem dringend notwendigen Wandel hin zu einer nachhaltigen Gesellschaft\u201c, wei\u00df Rothe. Insgesamt f\u00fcnf Projektwochen finden in diesem Jahr auf DBU-Naturerbefl\u00e4chen statt. Ziele der Arbeitseins\u00e4tze sind, die vielf\u00e4ltigen Funktionen der \u00d6kosysteme zu stabilisieren, den beteiligten Freiwilligen die Bedeutung und die akute Gef\u00e4hrdung der nat\u00fcrlichen Lebensgrundlagen bewusst zu machen und daran mitzuarbeiten, die notwendige sozial-\u00f6kologische Transformation in der Gesellschaft umzusetzen.<a> <\/a>Weitere Informationen finden Interessierte unter <a href=\"http:\/\/www.bergwaldprojekt.de\" target=\"_blank\" rel=\"noreferrer noopener\">www.bergwaldprojekt.de<\/a>.<\/p>\n\n\n\n<figure class=\"wp-block-image alignright size-large\"><img loading=\"lazy\" decoding=\"async\" width=\"1920\" height=\"1282\" src=\"https:\/\/www.dbu.de\/app\/uploads\/dbu_media-Lauterberg_Hordengatterbau1_Bergwaldprojekt-e.V-1920x1282.jpg\" alt=\"\" class=\"wp-image-58075\" srcset=\"https:\/\/www.dbu.de\/app\/uploads\/dbu_media-Lauterberg_Hordengatterbau1_Bergwaldprojekt-e.V-1920x1282.jpg 1920w, https:\/\/www.dbu.de\/app\/uploads\/dbu_media-Lauterberg_Hordengatterbau1_Bergwaldprojekt-e.V-800x534.jpg 800w, https:\/\/www.dbu.de\/app\/uploads\/dbu_media-Lauterberg_Hordengatterbau1_Bergwaldprojekt-e.V-400x267.jpg 400w\" sizes=\"auto, (max-width: 1920px) 100vw, 1920px\" \/><figcaption class=\"wp-element-caption\">Ziele der Arbeitseins\u00e4tze sind, die vielf\u00e4ltigen Funktionen der \u00d6koysteme zu stabilisieren, den beteiligten Freiwilligen die Bedeutung und die akute Gef\u00e4hrdung der nat\u00fcrlichen Lebensgrundlagen bewusst zu machen und daran mitzuarbeiten, die notwendige sozial-\u00f6kologische Transformation in der Gesellschaft umzusetzen.                  \u00a9Bergwaldprojekt e.V.<\/figcaption><\/figure>\n\n\n\n<p><strong>DBU Naturerbe k\u00fcmmert sich um Naturschutz auf 71 Fl\u00e4chen mit rund 70.000 Hektar <\/strong><\/p>\n\n\n\n<p>Das DBU Naturerbe verantwortet als Tochtergesellschaft der Deutschen Bundesstiftung Umwelt (DBU) den Naturschutz auf 71 \u00fcberwiegend ehemaligen Milit\u00e4rfl\u00e4chen mit rund 70.000 ha in zehn Bundesl\u00e4ndern. Auch in Folge der Wiedervereinigung hat der Bund bislang etwa 164.000 ha wertvoller Naturfl\u00e4che als Nationales Naturerbe ausgewiesen und an Stiftungen, Naturschutzverb\u00e4nde oder Bundesl\u00e4nder \u00fcbertragen. Zum Nationalen Naturerbe z\u00e4hlen ehemals milit\u00e4risch genutzte Gebiete, Fl\u00e4chen entlang der fr\u00fcheren innerdeutschen Grenze, Treuhandareale und stillgelegte Braunkohletagebaue. Im DBU Naturerbe sollen offene Lebensr\u00e4ume mit seltenen Tier- und Pflanzenarten durch Pflege bewahrt, W\u00e4lder m\u00f6glichst ohne menschlichen Eingriff ihrer nat\u00fcrlichen Entwicklung \u00fcberlassen, artenarme Forste zu naturnahen W\u00e4ldern umgewandelt und Feuchtgebiete sowie Gew\u00e4sser \u00f6kologisch aufgewertet oder erhalten werden. Zudem m\u00f6chte die DBU-Stiftungstochter Menschen f\u00fcr die heimische Natur begeistern. Weitere Informationen finden Interessierte unter <a href=\"http:\/\/www.dbu.de\/naturerbe\">www.dbu.de\/naturerbe<\/a>.<\/p>\n<\/div>\n\n\n\n<div class=\"wp-block-wordpress-dbu-dbu-container\">\n<p class=\"has-text-align-center\"><strong>HINWEIS AN DIE REDAKTIONEN: <\/strong>Bei Interesse sind Sie herzlich eingeladen, sich selbst einen Eindruck von den Arbeiten vor Ort zu machen. Bitte melden Sie sich beim Revierleiter Jens-Eckhard Meyer (Tel.: 09505-803855, <a href=\"mailto:Jens-Eckhard.Meyer@bundesimmobilien.de\">Jens-Eckhard.Meyer@bundesimmobilien.de<\/a>), um einen Termin zu vereinbaren.<\/p>\n<\/div>\n\n\n\n<div class=\"wp-block-wordpress-dbu-dbu-container\">\n<h3 class=\"wp-block-heading\">Medien &amp; Infos<\/h3>\n\n\n<div id='dbu_icon_mb-block-2c4725d2-f5f8-41e3-85c6-32973cf95770' class='dbu-icon__container '><a id='dbu_icon_mb-block-2c4725d2-f5f8-41e3-85c6-32973cf95770' class='dbu-icon  ' href='\/app\/plugins\/hidden-send.php?id=DTLwvg7Uw40YsxF%2BLcXkwF2TFh9Cqr1t8OUNADcXx2RwmoJsmqjxpGrSiiCYf2YM'><div class='dbu-icon__image'><i class='fa-sharp fa-solid fa-at'><\/i><\/div><div class='dbu-icon__content'><div class='dbu-icon__content-headline'>Jens-Eckhard Meyer<\/div><div class='dbu-icon__content-text'>Bundesforstbetrieb Reu\u00dfenberg<\/div><\/div><\/a><a id='dbu_icon_mb-block-2c4725d2-f5f8-41e3-85c6-32973cf95770' class='dbu-icon  ' href='https:\/\/www.dbu.de\/app\/uploads\/dbu_media-PM-145-2023-Bergwaldprojekt_Lauterberg.pdf'><div class='dbu-icon__image'><i class='fa-sharp fa-solid fa-file-pdf'><\/i><\/div><div class='dbu-icon__content'><div class='dbu-icon__content-headline'>Pressemitteilung<\/div><\/div><\/a><a id='dbu_icon_mb-block-2c4725d2-f5f8-41e3-85c6-32973cf95770' class='dbu-icon  ' href='https:\/\/www.dbu.de\/app\/uploads\/Hintergrund-DBU-Naturerbe.pdf'><div class='dbu-icon__image'><i class='fa-sharp fa-solid fa-file-pdf'><\/i><\/div><div class='dbu-icon__content'><div class='dbu-icon__content-headline'>Hintergrund zum DBU Naturerbe<\/div><\/div><\/a><\/div><\/div>\n\n\n\n<div class=\"wp-block-wordpress-dbu-dbu-container\"><\/div>\n","protected":false},"excerpt":{"rendered":"<p>Bergwaldprojekt und DBU Naturerbe kooperieren auf DBU-Naturerbefl\u00e4che Lauterberg<\/p>\n","protected":false},"author":11,"featured_media":58077,"template":"","meta":{"footnotes":""},"categories":[14],"tags":[57,2993,433,75,50],"class_list":["post-60523","news","type-news","status-publish","has-post-thumbnail","hentry","category-naturerbe","tag-bayern","tag-bergwaldprojekt","tag-dbu-naturerbe","tag-nationales-naturerbe","tag-naturschutz"],"meta_box":{"dbu_headerimage_cover":"","dbu_submenu":"","dbu_submenu_position":"","dbu_submenu_entry":[],"dbu_news_mail":"1","dbu_news_mail_status":"Mails wurden versandt"},"_links":{"self":[{"href":"https:\/\/www.dbu.de\/en\/wp-json\/wp\/v2\/news\/60523","targetHints":{"allow":["GET"]}}],"collection":[{"href":"https:\/\/www.dbu.de\/en\/wp-json\/wp\/v2\/news"}],"about":[{"href":"https:\/\/www.dbu.de\/en\/wp-json\/wp\/v2\/types\/news"}],"author":[{"embeddable":true,"href":"https:\/\/www.dbu.de\/en\/wp-json\/wp\/v2\/users\/11"}],"version-history":[{"count":7,"href":"https:\/\/www.dbu.de\/en\/wp-json\/wp\/v2\/news\/60523\/revisions"}],"predecessor-version":[{"id":61052,"href":"https:\/\/www.dbu.de\/en\/wp-json\/wp\/v2\/news\/60523\/revisions\/61052"}],"wp:featuredmedia":[{"embeddable":true,"href":"https:\/\/www.dbu.de\/en\/wp-json\/wp\/v2\/media\/58077"}],"wp:attachment":[{"href":"https:\/\/www.dbu.de\/en\/wp-json\/wp\/v2\/media?parent=60523"}],"wp:term":[{"taxonomy":"category","embeddable":true,"href":"https:\/\/www.dbu.de\/en\/wp-json\/wp\/v2\/categories?post=60523"},{"taxonomy":"post_tag","embeddable":true,"href":"https:\/\/www.dbu.de\/en\/wp-json\/wp\/v2\/tags?post=60523"}],"curies":[{"name":"wp","href":"https:\/\/api.w.org\/{rel}","templated":true}]}}