{"id":4615,"date":"2020-03-09T07:43:22","date_gmt":"2020-03-09T06:43:22","guid":{"rendered":"https:\/\/www.dbu.de\/news\/im-bauwagen-labor-natur-und-umwelt-auf-der-spur\/"},"modified":"2023-03-31T09:25:43","modified_gmt":"2023-03-31T07:25:43","slug":"im-bauwagen-labor-natur-und-umwelt-auf-der-spur","status":"publish","type":"news","link":"https:\/\/www.dbu.de\/en\/news\/im-bauwagen-labor-natur-und-umwelt-auf-der-spur\/","title":{"rendered":"Im \u201eBauwagen-Labor\u201c Natur und Umwelt auf der Spur"},"content":{"rendered":"<p>38592<\/p>\n","protected":false},"excerpt":{"rendered":"<p>Inklusives Modellprojekt in Baden-W\u00fcrttemberg gestartet &#8211; DBU-Kuratoriumsvorsitzende Schwarzel\u00fchr-Sutter \u00fcbergibt F\u00f6rderbescheid<\/p>\n","protected":false},"author":1,"featured_media":0,"template":"","meta":{"footnotes":""},"categories":[12],"tags":[56,44,47,50,51],"class_list":["post-4615","news","type-news","status-publish","hentry","category-dbu","tag-baden-wuerttemberg","tag-bildung-kommunikation","tag-klimaschutz","tag-naturschutz","tag-ressourcenschonung"],"meta_box":{"dbu_headerimage_cover":"","dbu_submenu":"","dbu_submenu_position":"","dbu_submenu_entry":[],"dbu_news_mail":"","dbu_news_mail_status":""},"_links":{"self":[{"href":"https:\/\/www.dbu.de\/en\/wp-json\/wp\/v2\/news\/4615","targetHints":{"allow":["GET"]}}],"collection":[{"href":"https:\/\/www.dbu.de\/en\/wp-json\/wp\/v2\/news"}],"about":[{"href":"https:\/\/www.dbu.de\/en\/wp-json\/wp\/v2\/types\/news"}],"author":[{"embeddable":true,"href":"https:\/\/www.dbu.de\/en\/wp-json\/wp\/v2\/users\/1"}],"version-history":[{"count":1,"href":"https:\/\/www.dbu.de\/en\/wp-json\/wp\/v2\/news\/4615\/revisions"}],"predecessor-version":[{"id":11865,"href":"https:\/\/www.dbu.de\/en\/wp-json\/wp\/v2\/news\/4615\/revisions\/11865"}],"wp:attachment":[{"href":"https:\/\/www.dbu.de\/en\/wp-json\/wp\/v2\/media?parent=4615"}],"wp:term":[{"taxonomy":"category","embeddable":true,"href":"https:\/\/www.dbu.de\/en\/wp-json\/wp\/v2\/categories?post=4615"},{"taxonomy":"post_tag","embeddable":true,"href":"https:\/\/www.dbu.de\/en\/wp-json\/wp\/v2\/tags?post=4615"}],"curies":[{"name":"wp","href":"https:\/\/api.w.org\/{rel}","templated":true}]}}