{"id":4596,"date":"2019-12-17T09:20:00","date_gmt":"2019-12-17T08:20:00","guid":{"rendered":"https:\/\/www.dbu.de\/news\/deutscher-umweltpreis-dbu-waehlt-staedte-fuer-festakte-nach-nachhaltigkeitskriterien-aus\/"},"modified":"2023-03-31T09:25:43","modified_gmt":"2023-03-31T07:25:43","slug":"deutscher-umweltpreis-dbu-waehlt-staedte-fuer-festakte-nach-nachhaltigkeitskriterien-aus","status":"publish","type":"news","link":"https:\/\/www.dbu.de\/en\/news\/deutscher-umweltpreis-dbu-waehlt-staedte-fuer-festakte-nach-nachhaltigkeitskriterien-aus\/","title":{"rendered":"Deutscher Umweltpreis: DBU w\u00e4hlt St\u00e4dte f\u00fcr Festakte nach Nachhaltigkeitskriterien aus"},"content":{"rendered":"<p>38503<\/p>\n","protected":false},"excerpt":{"rendered":"<p>L\u00fcbeck (2023), Mainz (2024), Chemnitz (2025), Aachen (2026), Freiburg (2027), Osnabr\u00fcck (2028)<\/p>\n","protected":false},"author":1,"featured_media":0,"template":"","meta":{"footnotes":""},"categories":[12],"tags":[45,47,48,49,50,51,52,53],"class_list":["post-4596","news","type-news","status-publish","hentry","category-dbu","tag-deutscher-umweltpreis","tag-klimaschutz","tag-kulturgueterschutz","tag-landwirtschaft","tag-naturschutz","tag-ressourcenschonung","tag-umweltforschung","tag-umwelttechnik"],"meta_box":{"dbu_headerimage_cover":"","dbu_submenu":"","dbu_submenu_position":"","dbu_submenu_entry":[],"dbu_news_mail":"","dbu_news_mail_status":""},"_links":{"self":[{"href":"https:\/\/www.dbu.de\/en\/wp-json\/wp\/v2\/news\/4596","targetHints":{"allow":["GET"]}}],"collection":[{"href":"https:\/\/www.dbu.de\/en\/wp-json\/wp\/v2\/news"}],"about":[{"href":"https:\/\/www.dbu.de\/en\/wp-json\/wp\/v2\/types\/news"}],"author":[{"embeddable":true,"href":"https:\/\/www.dbu.de\/en\/wp-json\/wp\/v2\/users\/1"}],"version-history":[{"count":1,"href":"https:\/\/www.dbu.de\/en\/wp-json\/wp\/v2\/news\/4596\/revisions"}],"predecessor-version":[{"id":11884,"href":"https:\/\/www.dbu.de\/en\/wp-json\/wp\/v2\/news\/4596\/revisions\/11884"}],"wp:attachment":[{"href":"https:\/\/www.dbu.de\/en\/wp-json\/wp\/v2\/media?parent=4596"}],"wp:term":[{"taxonomy":"category","embeddable":true,"href":"https:\/\/www.dbu.de\/en\/wp-json\/wp\/v2\/categories?post=4596"},{"taxonomy":"post_tag","embeddable":true,"href":"https:\/\/www.dbu.de\/en\/wp-json\/wp\/v2\/tags?post=4596"}],"curies":[{"name":"wp","href":"https:\/\/api.w.org\/{rel}","templated":true}]}}