{"id":2979,"date":"2005-03-02T00:00:00","date_gmt":"2005-03-01T23:00:00","guid":{"rendered":"https:\/\/www.dbu.de\/news\/deutsche-bundesstiftung-umwelt-prueft-engagement-in-banja-luka\/"},"modified":"2023-03-31T09:28:52","modified_gmt":"2023-03-31T07:28:52","slug":"deutsche-bundesstiftung-umwelt-prueft-engagement-in-banja-luka","status":"publish","type":"news","link":"https:\/\/www.dbu.de\/en\/news\/deutsche-bundesstiftung-umwelt-prueft-engagement-in-banja-luka\/","title":{"rendered":"Deutsche Bundesstiftung Umwelt pr\u00fcft Engagement in Banja Luka"},"content":{"rendered":"<p>25580<\/p>\n","protected":false},"excerpt":{"rendered":"<p>Bischof von Banja Luka zu Gast in Osnabr\u00fcck &#8211; Gespr\u00e4che \u00fcber Umweltprojekte &#8211; Unterst\u00fctzung vom Land Niedersachsen<\/p>\n","protected":false},"author":1,"featured_media":0,"template":"","meta":{"footnotes":""},"categories":[12],"tags":[44,47,48,64,51,53],"class_list":["post-2979","news","type-news","status-publish","hentry","category-dbu","tag-bildung-kommunikation","tag-klimaschutz","tag-kulturgueterschutz","tag-niedersachsen","tag-ressourcenschonung","tag-umwelttechnik"],"meta_box":{"dbu_headerimage_cover":"","dbu_submenu":"","dbu_submenu_position":"","dbu_submenu_entry":[],"dbu_news_mail":"","dbu_news_mail_status":""},"_links":{"self":[{"href":"https:\/\/www.dbu.de\/en\/wp-json\/wp\/v2\/news\/2979","targetHints":{"allow":["GET"]}}],"collection":[{"href":"https:\/\/www.dbu.de\/en\/wp-json\/wp\/v2\/news"}],"about":[{"href":"https:\/\/www.dbu.de\/en\/wp-json\/wp\/v2\/types\/news"}],"author":[{"embeddable":true,"href":"https:\/\/www.dbu.de\/en\/wp-json\/wp\/v2\/users\/1"}],"version-history":[{"count":1,"href":"https:\/\/www.dbu.de\/en\/wp-json\/wp\/v2\/news\/2979\/revisions"}],"predecessor-version":[{"id":13501,"href":"https:\/\/www.dbu.de\/en\/wp-json\/wp\/v2\/news\/2979\/revisions\/13501"}],"wp:attachment":[{"href":"https:\/\/www.dbu.de\/en\/wp-json\/wp\/v2\/media?parent=2979"}],"wp:term":[{"taxonomy":"category","embeddable":true,"href":"https:\/\/www.dbu.de\/en\/wp-json\/wp\/v2\/categories?post=2979"},{"taxonomy":"post_tag","embeddable":true,"href":"https:\/\/www.dbu.de\/en\/wp-json\/wp\/v2\/tags?post=2979"}],"curies":[{"name":"wp","href":"https:\/\/api.w.org\/{rel}","templated":true}]}}