{"id":28988,"date":"2023-05-09T08:36:17","date_gmt":"2023-05-09T06:36:17","guid":{"rendered":"https:\/\/www.dbu.de\/?post_type=news&#038;p=28988"},"modified":"2023-05-09T08:36:18","modified_gmt":"2023-05-09T06:36:18","slug":"bundesprasident-woche-der-umwelt-2024","status":"publish","type":"news","link":"https:\/\/www.dbu.de\/en\/news\/bundesprasident-woche-der-umwelt-2024\/","title":{"rendered":"Bundespr\u00e4sident und DBU laden zur \u201eWoche der Umwelt\u201c 2024 ein"},"content":{"rendered":"\n<div class=\"wp-block-wordpress-dbu-dbu-container\">\n<p>Osnabr\u00fcck\/Berlin. Im Sommer n\u00e4chsten Jahres verwandelt sich der Park von <a rel=\"noreferrer noopener\" href=\"https:\/\/www.bundespraesident.de\/DE\/Die-Amtssitze\/Schloss-Bellevue\/schloss-bellevue-node.html\" target=\"_blank\">Schloss Bellevue<\/a> in eine kleine Zelt- und B\u00fchnenstadt: An seinem Amtssitz l\u00e4dt <a href=\"https:\/\/www.bundespraesident.de\/DE\/Home\/home_node.html;jsessionid=EFC93D577FB32AAAF7A8ABDD30D46DC9.internet002\" target=\"_blank\" rel=\"noreferrer noopener\">Bundespr\u00e4sident<\/a> Frank-Walter <strong>Steinmeier <\/strong>am 4. und 5. Juni 2024 gemeinsam mit der Deutschen Bundesstiftung Umwelt (DBU) zur \u201eWoche der Umwelt\u201c ein. Schon jetzt laufen die Vorbereitungen f\u00fcr diese Leistungsschau mit allem, was den Schutz von Umwelt und Erde voranbringt \u2013 von Technik und Forschung \u00fcber Produkte und Projekte bis hin zu Dienstleistungen. Ab sofort k\u00f6nnen sich bis 12. August all diejenigen online bewerben, die als Ausstellende vis-\u00e0-vis dem Schloss Bellevue mit einem eigenen Stand dabei sein wollen. Alle Infos zu Regularien und Auswahlkriterien finden sich hier: <a href=\"https:\/\/www.woche-der-umwelt.de\/\" target=\"_blank\" rel=\"noreferrer noopener\">https:\/\/www.woche-der-umwelt.de\/<\/a>.<\/p>\n\n\n\n<p><strong>Bonde: \u201eWoche der Umwelt\u201c ist ein Marktplatz f\u00fcr nachhaltige L\u00f6sungen beim Umweltschutz<\/strong><\/p>\n\n\n\n<p>Die Zelt- und B\u00fchnenstadt im Schlosspark steht im Zeichen gravierender politischer Herausforderungen in Europa \u2013 und von Debatten um eine nachhaltigere Energieversorgung, Ressourcen- und Naturschutz sowie Klima- und Artenkrise. \u201eViel h\u00e4ngt davon ab, den Wandel zu einer an \u00f6kologischen Notwendigkeiten orientierten \u00d6konomie zu schaffen\u201c, sagt DBU-Generalsekret\u00e4r Alexander <strong>Bonde<\/strong>. \u201eDas bedeutet auch, Wirtschaftswachstum von fortw\u00e4hrendem Ressourcen-Raubbau zu entkoppeln.\u201c Die \u201eWoche der Umwelt\u201c im Park von Schloss Bellevue sei deshalb zugleich \u201eein Marktplatz f\u00fcr nachhaltige L\u00f6sungen beim Umweltschutz \u2013 und f\u00fcr kluge K\u00f6pfe, die Wege f\u00fcr einen solchen Wandel zu mehr Nachhaltigkeit \u00fcberhaupt freir\u00e4umen\u201c. Sein Dank gilt der Gastfreundschaft des Bundespr\u00e4sidenten. Bonde: \u201eDas ist ein motivierender Mutmacher, im Kampf gegen Klima- und Artenkrise nicht nachzulassen und immer wieder aufs Neue nach innovativen, umweltfreundlichen Technologien, G\u00fctern, Konzepten und Dienstleistungen zu suchen. Sie werden k\u00fcnftig nicht nur Ma\u00dfstab f\u00fcr eine lebenswerte Zukunft, sondern auch Standortfaktoren f\u00fcr die solide Wirtschaft eines Landes.\u201c<\/p>\n\n\n\n<p><strong>Unabh\u00e4ngige Jury aus Wirtschaft, Wissenschaft, Gesellschaft, Jugend und Medien<\/strong><\/p>\n\n\n\n<p>Ab sofort l\u00e4uft nun der Bewerbungs-Countdown f\u00fcr potenzielle Ausstellende bei der siebten \u201eWoche der Umwelt\u201c im kommenden Jahr. Angesprochen sind Unternehmen, Forschungsinstitute, Vereine und Verb\u00e4nde, aber auch andere Institutionen und Studierende. Sie alle m\u00fcssen sich der Beurteilung einer unabh\u00e4ngigen, seitens des Bundespr\u00e4sidenten eingesetzten Jury unterziehen. In ihr sind Wirtschaft, Wissenschaft, Gesellschaft, Jugend und Medien vertreten. \u201eWir rechnen mit mehreren Hundert Bewerbungen, von denen voraussichtlich rund 160 ausgew\u00e4hlt werden\u201c, sagt Martin <strong>Schulte<\/strong>, der in der DBU als Referatsleiter Hauptverantwortliche f\u00fcr die \u201eWoche der Umwelt\u201c. Schulte: \u201eThematische Relevanz, Praxistauglichkeit, Innovationspotenzial und fachliche Qualit\u00e4t sind dabei unter anderem ebenso Voraussetzungen f\u00fcr eine erfolgreiche Teilnahme wie Modellhaftigkeit und ein attraktives Pr\u00e4sentationskonzept.\u201c<\/p>\n\n\n\n<p><strong>Zahlreiche gro\u00dfe Themenbl\u00f6cke von Klimaneutralit\u00e4t \u00fcber Biodiversit\u00e4t bis hin zu sozialem Zusammenhalt<\/strong><\/p>\n\n\n\n<figure class=\"wp-block-image alignright size-large is-resized\"><img loading=\"lazy\" decoding=\"async\" src=\"https:\/\/www.dbu.de\/app\/uploads\/PM-065-2023-WdU_Bewerbungsstart-Ausstellende_\u00a9Peter-Himsel_DBU-1-1920x1920.jpg\" alt=\"\" class=\"wp-image-28994\" width=\"431\" height=\"431\" srcset=\"https:\/\/www.dbu.de\/app\/uploads\/PM-065-2023-WdU_Bewerbungsstart-Ausstellende_\u00a9Peter-Himsel_DBU-1-1920x1920.jpg 1920w, https:\/\/www.dbu.de\/app\/uploads\/PM-065-2023-WdU_Bewerbungsstart-Ausstellende_\u00a9Peter-Himsel_DBU-1-800x800.jpg 800w, https:\/\/www.dbu.de\/app\/uploads\/PM-065-2023-WdU_Bewerbungsstart-Ausstellende_\u00a9Peter-Himsel_DBU-1-400x400.jpg 400w\" sizes=\"auto, (max-width: 431px) 100vw, 431px\" \/><figcaption class=\"wp-element-caption\">F\u00fcr den Schutz des Planeten: Wie 2016 (Bild) verwandelt die \u201eWoche der Umwelt\u201c auch 2024 den Park von Schloss Bellevue in eine Zelt- und B\u00fchnenstadt der Ausstellenden. \u00a9 Peter Himsel\/DBU<\/figcaption><\/figure>\n\n\n\n<p>Schulte verweist auf zahlreiche gro\u00dfe Themenbl\u00f6cke bei der \u201eWoche der Umwelt\u201c im kommenden Jahr: Klimaneutralit\u00e4t und Energiesicherheit, Wasserstofftechnologie, Biodiversit\u00e4t und Ressourcenschutz sowie Transformation und sozialer Zusammenhalt. Wichtige Querschnittsthemen sind nach seinen Worten Digitalisierung, die <a href=\"https:\/\/unric.org\/de\/17ziele\/\" target=\"_blank\" rel=\"noreferrer noopener\">17 Nachhaltigkeitsziele der Vereinten Nationen<\/a> (englisch: <em>Sustainable Development Goals, SDG<\/em>) und das Wirtschaften innerhalb der sogenannten planetaren Belastbarkeitsgrenzen (englisch: <em>Planetary Boundaries<\/em>). Dabei handelt es sich um einen von Resilienzforscher Johan <strong>Rockstr\u00f6m <\/strong>und einem Wissenschaftsteam gepr\u00e4gten Begriff. Rockstr\u00f6m erhielt 2015 den <a href=\"https:\/\/www.dbu.de\/umweltpreis\/der-deutsche-umweltpreis\/\" target=\"_blank\" rel=\"noreferrer noopener\">Deutschen Umweltpreis der DBU<\/a>. Hinzukommen sollen laut Schulte auch Projekte mit gesellschaftspolitischen Fragestellungen \u2013 etwa zu Generationen- und Umweltgerechtigkeit, nachhaltiger Finanzwirtschaft sowie internationalen Kooperationen. Denn auf diese Weise k\u00f6nnten \u201ezukunftsf\u00e4hige, gesunde und nachhaltige Lebensformen\u201c pr\u00e4sentiert werden. Schulte: \u201eWir freuen uns auf spannende Vorschl\u00e4ge. F\u00fcr alle, die ausgew\u00e4hlt werden, ist die Teilnahme gewiss auch Wertsch\u00e4tzung der Arbeit und Auszeichnung zugleich.\u201c<\/p>\n\n\n\n<p><strong>\u201eWoche der Umwelt\u201c richtet sich 2024 ans Fachpublikum ebenso wie an alle anderen B\u00fcrgerinnen und B\u00fcrger<\/strong><\/p>\n\n\n\n<p>Wie in den Vorjahren soll die \u201eWoche der Umwelt\u201c keineswegs lediglich eine Art Fachmesse sein. Im Gegenteil: \u201eDie Themen Umwelt-, Klima-, Arten- und Ressourcenschutz gehen uns alle an\u201c, sagt DBU-Generalsekret\u00e4r Bonde. \u201eDeshalb sollen auch bei der n\u00e4chsten Auflage neben dem Fachpublikum auch alle anderen B\u00fcrgerinnen und B\u00fcrger Gelegenheit zu einem Besuch im Park von Schloss Bellevue haben\u201c, so Bonde. Die Anmeldemodalit\u00e4ten werden rechtzeitig bekannt gegeben. Gut m\u00f6glich, dass die zweit\u00e4gige Veranstaltung wieder insgesamt rund 12.000 G\u00e4ste zu einem Besuch animiert. Neben den Ausstellenden locken vielf\u00e4ltige Aktionen, Debatten, Diskurse und Vortr\u00e4ge auf Haupt- und Nebenb\u00fchnen, rund 70 Fachforen sowie viele Gelegenheiten zum Informationsaustausch und Kontaktekn\u00fcpfen: Die ausgew\u00e4hlten Ausstellenden sollen die M\u00f6glichkeit haben, ihre Gesch\u00e4ftspartnerinnen und Gesch\u00e4ftspartner in den Park von Schloss Bellevue einzuladen. Bis zum 12. August besteht jetzt die Chance, sich mit einem pfiffigen Konzept auf <a href=\"https:\/\/www.woche-der-umwelt.de\/\">https:\/\/www.woche-der-umwelt.de\/<\/a> f\u00fcr eine Teilnahme zu bewerben.<\/p>\n<\/div>\n\n\n\n<div class=\"wp-block-wordpress-dbu-dbu-container\">\n<h3 class=\"wp-block-heading\">Medien &amp; Infos<\/h3>\n\n\n<div id='dbu_icon_mb-block-372b087d-d81d-430e-8819-3d50ea81e8f5' class='dbu-icon__container '><a id='dbu_icon_mb-block-372b087d-d81d-430e-8819-3d50ea81e8f5' class='dbu-icon  ' href='https:\/\/www.dbu.de\/app\/uploads\/PM-065-2023-WdU-Bewerbungsstart-Ausstellende.pdf'><div class='dbu-icon__image'><i class='fa-sharp fa-solid fa-file-pdf'><\/i><\/div><div class='dbu-icon__content'><div class='dbu-icon__content-headline'>Pressemitteilung<\/div><\/div><\/a><\/div><\/div>\n","protected":false},"excerpt":{"rendered":"<p>Ab sofort l\u00e4uft Bewerbungsfrist f\u00fcr Ausstellende \u2013 \u201eKluge K\u00f6pfe\u201c<\/p>\n","protected":false},"author":6,"featured_media":28989,"template":"","meta":{"footnotes":""},"categories":[12],"tags":[56,57,58,44,59,60,61,62,47,63,50,64,65,51,66,67,68,69,70,71,52,53],"class_list":["post-28988","news","type-news","status-publish","has-post-thumbnail","hentry","category-dbu","tag-baden-wuerttemberg","tag-bayern","tag-berlin","tag-bildung-kommunikation","tag-brandenburg","tag-bremen","tag-hamburg","tag-hessen","tag-klimaschutz","tag-mecklenburg-vorpommern","tag-naturschutz","tag-niedersachsen","tag-nordrhein-westfalen","tag-ressourcenschonung","tag-rheinland-pfalz","tag-saarland","tag-sachsen","tag-sachsen-anhalt","tag-schleswig-holstein","tag-thueringen","tag-umweltforschung","tag-umwelttechnik"],"meta_box":{"dbu_headerimage_cover":"","dbu_submenu":"","dbu_submenu_position":"","dbu_submenu_entry":[],"dbu_news_mail":"0","dbu_news_mail_status":"Eine Mail wurde nicht verschickt"},"_links":{"self":[{"href":"https:\/\/www.dbu.de\/en\/wp-json\/wp\/v2\/news\/28988","targetHints":{"allow":["GET"]}}],"collection":[{"href":"https:\/\/www.dbu.de\/en\/wp-json\/wp\/v2\/news"}],"about":[{"href":"https:\/\/www.dbu.de\/en\/wp-json\/wp\/v2\/types\/news"}],"author":[{"embeddable":true,"href":"https:\/\/www.dbu.de\/en\/wp-json\/wp\/v2\/users\/6"}],"version-history":[{"count":4,"href":"https:\/\/www.dbu.de\/en\/wp-json\/wp\/v2\/news\/28988\/revisions"}],"predecessor-version":[{"id":28998,"href":"https:\/\/www.dbu.de\/en\/wp-json\/wp\/v2\/news\/28988\/revisions\/28998"}],"wp:featuredmedia":[{"embeddable":true,"href":"https:\/\/www.dbu.de\/en\/wp-json\/wp\/v2\/media\/28989"}],"wp:attachment":[{"href":"https:\/\/www.dbu.de\/en\/wp-json\/wp\/v2\/media?parent=28988"}],"wp:term":[{"taxonomy":"category","embeddable":true,"href":"https:\/\/www.dbu.de\/en\/wp-json\/wp\/v2\/categories?post=28988"},{"taxonomy":"post_tag","embeddable":true,"href":"https:\/\/www.dbu.de\/en\/wp-json\/wp\/v2\/tags?post=28988"}],"curies":[{"name":"wp","href":"https:\/\/api.w.org\/{rel}","templated":true}]}}