{"id":143401,"date":"2025-07-22T16:02:26","date_gmt":"2025-07-22T14:02:26","guid":{"rendered":"https:\/\/www.dbu.de\/?post_type=news&#038;p=143401"},"modified":"2025-07-23T07:55:32","modified_gmt":"2025-07-23T05:55:32","slug":"wiedervernaessung-und-offenlandpflege-stehen-im-fokus","status":"publish","type":"news","link":"https:\/\/www.dbu.de\/en\/news\/wiedervernaessung-und-offenlandpflege-stehen-im-fokus\/","title":{"rendered":"Wiedervern\u00e4ssung und Offenlandpflege stehen im Fokus"},"content":{"rendered":"\n<div class=\"wp-block-wordpress-dbu-dbu-container\">\n<p class=\"has-text-align-right\"><em>Gemeinsame Pressemitteilung<br>mit dem <a href=\"https:\/\/mkuem.rlp.de\/service\/pressemitteilungen\/detail\/katrin-eder-moore-leisten-einen-relevanten-beitrag-zum-klimaschutz\" data-type=\"link\" data-id=\"https:\/\/mkuem.rlp.de\/service\/pressemitteilungen\/detail\/katrin-eder-moore-leisten-einen-relevanten-beitrag-zum-klimaschutz\" target=\"_blank\" rel=\"noreferrer noopener\">Ministerium f\u00fcr Klimaschutz, Umwelt, Energie und Mobilit\u00e4t des Landes Rheinland-Pfalz<\/a><\/em><\/p>\n\n\n\n<figure class=\"wp-block-image alignright size-large is-resized\"><img loading=\"lazy\" decoding=\"async\" width=\"1920\" height=\"1280\" src=\"https:\/\/www.dbu.de\/app\/uploads\/dbu-media-stegskopf-derscher-geschwaemm-stegskopf-fuellhaas-dbu-naturerbe-1920x1280.jpg\" alt=\"\" class=\"wp-image-143502\" style=\"width:432px;height:auto\" srcset=\"https:\/\/www.dbu.de\/app\/uploads\/dbu-media-stegskopf-derscher-geschwaemm-stegskopf-fuellhaas-dbu-naturerbe-1920x1280.jpg 1920w, https:\/\/www.dbu.de\/app\/uploads\/dbu-media-stegskopf-derscher-geschwaemm-stegskopf-fuellhaas-dbu-naturerbe-800x533.jpg 800w, https:\/\/www.dbu.de\/app\/uploads\/dbu-media-stegskopf-derscher-geschwaemm-stegskopf-fuellhaas-dbu-naturerbe-400x267.jpg 400w\" sizes=\"auto, (max-width: 1920px) 100vw, 1920px\" \/><figcaption class=\"wp-element-caption\">Aktuelle Planungen sehen vor, den Wasserr\u00fcckhalt im \u00dcbergangsmoor Derscher Geschwemm auf der DBU-Naturerbefl\u00e4che Stegskopf zu verbessern sowie die Drainagen auf den Schie\u00dfbahnen zur\u00fcckzubauen.<\/figcaption><\/figure>\n\n\n\n<p>Hof. Landesumweltministerin von Rheinland-Pfalz Katrin <strong>Eder <\/strong>hat am Dienstag, 22. Juli, die <a href=\"https:\/\/www.dbu.de\/naturerbeflaechen\/stegskopf\/\" data-type=\"link\" data-id=\"https:\/\/www.dbu.de\/naturerbeflaechen\/stegskopf\/\" target=\"_blank\" rel=\"noreferrer noopener\">DBU-Naturerbefl\u00e4che Stegskopf<\/a> besucht. Das rund 1.900 Hektar gro\u00dfe Areal der gemeinn\u00fctzigen Tochtergesellschaft der Deutschen Bundesstiftung Umwelt (DBU), dem DBU Naturerbe, ist seit 2013 Teil des <a href=\"https:\/\/www.bfn.de\/nationales-naturerbe\" data-type=\"link\" data-id=\"https:\/\/www.bfn.de\/nationales-naturerbe\" target=\"_blank\" rel=\"noreferrer noopener\">Nationalen Naturerbes<\/a> und dem Naturschutz gewidmet. Auf einer eineinhalbst\u00fcndigen Tour \u00fcber den ehemaligen Truppen\u00fcbungsplatz im Westerwald erl\u00e4uterten ihr Alexander <strong>Bonde<\/strong>, DBU-Generalsekret\u00e4r und Gesch\u00e4ftsf\u00fchrer im DBU Naturerbe, sowie Susanne <strong>Belting <\/strong>als Fachliche Leiterin im DBU Naturerbe und Revierleiter Christof <strong>Hast <\/strong>vom <a href=\"https:\/\/www.bundesimmobilien.de\/bundesforst\" data-type=\"link\" data-id=\"https:\/\/www.bundesimmobilien.de\/bundesforst\" target=\"_blank\" rel=\"noreferrer noopener\">Bundesforst<\/a>betrieb Rhein-Mosel aktuelle Planungen zum Wasserr\u00fcckhalt im \u00dcbergangsmoor Derscher Geschwemm sowie den R\u00fcckbau der Drainagen auf den zahlreichen ehemaligen Schie\u00dfbahnen im Rahmen des Modellprojekts \u201e<a href=\"https:\/\/www.dbu.de\/naturerbe\/projekte\/naturerbeklima\/\" data-type=\"link\" data-id=\"https:\/\/www.dbu.de\/naturerbe\/projekte\/naturerbeklima\/\" target=\"_blank\" rel=\"noreferrer noopener\">NaturErbeKlima<\/a>\u201c. Au\u00dferdem stand die Kampfmittelbelastung und die daraus resultierend schwierige und kostenintensive Pflege der Offenlandfl\u00e4chen im Fokus.<\/p>\n\n\n\n<p><strong>R\u00fcckbau der Drainagen und Wiedervern\u00e4ssung der Schie\u00dfbahnen geplant<\/strong><\/p>\n\n\n\n<p>In dem europ\u00e4isch gesch\u00fctzten NATURA 2000-Gebiet \u201eFeuchtgebiete und Heiden des Hohen Westerwaldes\u201c m\u00fcssten die Tallagen der Naturerbefl\u00e4che ihrem Ursprung nach deutlich feuchter sein \u2013 doch aufgrund kilometerlanger unterirdischer Drainagen werden den ehemals nassen Lebensr\u00e4umen auf hunderten Hektar sehr viel Wasser entzogen. F\u00fcr Tier- und Pflanzenarten, die sich auf das Leben an nassen Standorten spezialisiert haben wie die Bekassine oder das <a href=\"https:\/\/www.dbu.de\/news\/das-auge-im-moor\/\" data-type=\"link\" data-id=\"https:\/\/www.dbu.de\/news\/das-auge-im-moor\/\" target=\"_blank\" rel=\"noreferrer noopener\">Sumpf-Blutauge<\/a> als \u201eBlume des Jahres 2025\u201c, bedeutet das den Verlust ihres Lebensraums. Ein Zustand, den das DBU Naturerbe \u00fcber das Aktionsprogramm <a href=\"https:\/\/www.natuerlicher-klimaschutz.de\/\" data-type=\"link\" data-id=\"https:\/\/www.natuerlicher-klimaschutz.de\/\" target=\"_blank\" rel=\"noreferrer noopener\">Nat\u00fcrlicher Klimaschutz<\/a> (ANK) \u00e4ndern m\u00f6chte. Das Naturschutz-Team plant im Modellprojekt \u201eNaturErbeKlima\u201c, das durch das <a href=\"https:\/\/www.bfn.de\/\" data-type=\"link\" data-id=\"https:\/\/www.bfn.de\/\" target=\"_blank\" rel=\"noreferrer noopener\">Bundesamt f\u00fcr Naturschutz<\/a> (BfN) mit Mitteln des <a href=\"https:\/\/www.bundesumweltministerium.de\/\" data-type=\"link\" data-id=\"https:\/\/www.bundesumweltministerium.de\/\" target=\"_blank\" rel=\"noreferrer noopener\">Bundesministeriums f\u00fcr Umweltschutz, Klimaschutz, Naturschutz und nukleare Sicherheit<\/a> (BMUKN) unterst\u00fctzt wird, die Wiedervern\u00e4ssung im \u00dcbergangsmoor Derscher Geschwemm sowie der 14 Schie\u00dfbahnen. Teil des Projekts sind auch der R\u00fcckbau oder Verschluss der Drainagen und der Entw\u00e4sserungsgr\u00e4ben. Die ersten Messpegel zur Bestandsaufnahme von Grundwasserst\u00e4nden und Wasserabfluss sind gesetzt. \u201eDas unterirdische System ist beachtlich: Teilweise durchziehen alle zehn Meter solide ausgebaute Drainagen mit vielen Ver\u00e4stelungen die Fl\u00e4che\u201c, erl\u00e4utert Bonde. Derzeit rauschen gro\u00dfe Mengen der Niederschl\u00e4ge durch die Entw\u00e4sserungsstrukturen in die nachgeordneten Flie\u00dfgew\u00e4sser. Durch die geplanten Renaturierungen soll in der Fl\u00e4che \u2013 einem Schwamm gleich \u2013 wieder mehr Wasser gehalten werden oder langsamer aus ihr herausflie\u00dfen. Die rund 1.900 Hektar gro\u00dfe Naturerbefl\u00e4che k\u00f6nnte hierdurch einen nicht unerheblichen Beitrag zum Hochwassermanagement leisten.<\/p>\n\n\n\n<figure class=\"wp-block-image alignleft size-large is-resized\"><img loading=\"lazy\" decoding=\"async\" width=\"1920\" height=\"1280\" src=\"https:\/\/www.dbu.de\/app\/uploads\/dbu-media-stegskopf-gruppenfoto-stegskopf-behrendt-dbu-naturerbe-1920x1280.jpg\" alt=\"\" class=\"wp-image-143517\" style=\"width:502px;height:auto\" srcset=\"https:\/\/www.dbu.de\/app\/uploads\/dbu-media-stegskopf-gruppenfoto-stegskopf-behrendt-dbu-naturerbe-1920x1280.jpg 1920w, https:\/\/www.dbu.de\/app\/uploads\/dbu-media-stegskopf-gruppenfoto-stegskopf-behrendt-dbu-naturerbe-800x533.jpg 800w, https:\/\/www.dbu.de\/app\/uploads\/dbu-media-stegskopf-gruppenfoto-stegskopf-behrendt-dbu-naturerbe-400x267.jpg 400w\" sizes=\"auto, (max-width: 1920px) 100vw, 1920px\" \/><figcaption class=\"wp-element-caption\">Besprachen Planungen zur Wiedervern\u00e4ssung auf der DBU-Naturerbefl\u00e4che Stegskopf (v. l.): P\u00e4chter Michael Buhl, Sabine Yacoub vom BUND Rheinland-Pfalz, DBU-Generalsekret\u00e4r Alexander Bonde, Bundesforst-Revierleiter Christof Hast, Landesumweltministerin Katrin Eder, Susanne Belting als Fachliche Leiterin im DBU Naturerbe sowie Cosima Lindemann vom NABU Rheinland-Pfalz.<\/figcaption><\/figure>\n\n\n\n<p>Bei einem Stopp am Derscher Geschwemm zeigte Revierleiter Hast, wie mit zwei aufgesch\u00fctteten W\u00e4llen an Entw\u00e4sserungsgr\u00e4ben in einem Pilotprojekt bereits gute Effekte f\u00fcr das \u00dcbergangsmoor erzielt wurden. \u201eRund 95 Prozent der Moore in Deutschland werden entw\u00e4ssert. Sie sind f\u00fcr rund sieben Prozent der Treibhausgase in Deutschland verantwortlich. Indem wir Moore wiederherstellen, leisten wir einen relevanten Beitrag zum Klimaschutz und Erhalten beziehungsweise stellen Biotope f\u00fcr viele seltene Tier- und Pflanzenarten wieder her, die an diesen Lebensraum gebunden sind\u201c, erl\u00e4utert Umweltministerin Eder. Gut wasserversorgte Moore speichern Kohlenstoff und dienen als nat\u00fcrliche Klimasch\u00fctzer.<\/p>\n\n\n\n<p><strong>Offenlandpflege durch Kampfmittelbelastung schwierig und teuer<\/strong><\/p>\n\n\n\n<p>Durch die 100-j\u00e4hrige milit\u00e4rische Nutzung ist die DBU-Naturerbefl\u00e4che von intensiver Landwirtschaft, Siedlungs- und Stra\u00dfenbau weitgehend verschont geblieben. Besucherinnen und Besucher k\u00f6nnen auf der rund 35 Kilometer langen Wegef\u00fchrung magere Wiesen und Weiden oder auch Borstgrasrasen mit Besenheide und Arnika sehen. 250 Hektar werden von Schafen offengehalten, auf 30 Hektar sind Rinder und Ziegen unterwegs, um die Lebensr\u00e4ume zu erhalten. Doch auf rund 450 Hektar kann nur mit kampfmittelgesch\u00fctzter Technik teils \u00fcber eine ferngesteuerte Raupe gearbeitet werden, damit die Fahrzeugf\u00fchrenden bei einer m\u00f6glichen Detonation nicht verletzt werden. \u201eAuf dem Stegskopf haben wir trotz der Kampfmittelbelastung ein gutes Pflegemanagement aufbauen k\u00f6nnen mit engagierten P\u00e4chterinnen und P\u00e4chtern\u201c, betont Bonde und dankt f\u00fcr das Engagement auch des betreuenden Bundesforstbetriebs.<\/p>\n<\/div>\n\n\n\n<div class=\"wp-block-wordpress-dbu-dbu-container\">\n<h3 class=\"wp-block-heading\">Medien &amp; Infos<\/h3>\n\n\n<div id='dbu_icon_mb-block-5cd04fac-c2fe-4a70-a794-e0b5e715f5ce' class='dbu-icon__container '><a id='dbu_icon_mb-block-5cd04fac-c2fe-4a70-a794-e0b5e715f5ce' class='dbu-icon  ' href='\/app\/plugins\/hidden-send.php?id=kK1TYGxlkEnEVrmVuJbLqXC0OX0RL3RwlSHHxzx%2Bh89c%2BKMroLzEkHSrtLLhtmkD'><div class='dbu-icon__image'><i class='fa-sharp fa-solid fa-at'><\/i><\/div><div class='dbu-icon__content'><div class='dbu-icon__content-headline'>Michael Solm<\/div><div class='dbu-icon__content-text'>Bundesforstbetrieb Rhein-Mosel<\/div><\/div><\/a><a id='dbu_icon_mb-block-5cd04fac-c2fe-4a70-a794-e0b5e715f5ce' class='dbu-icon dbu-icon_light ' href='https:\/\/www.dbu.de\/app\/uploads\/dbu-media-stegskopf-pm-091-2025-stegskopf-ministerinnenbesuch-2.pdf'><div class='dbu-icon__image'><i class='fa-sharp fa-solid fa-file-pdf'><\/i><\/div><div class='dbu-icon__content'><div class='dbu-icon__content-headline'>Gemeinsame Pressemitteilung<\/div><div class='dbu-icon__content-text'>mit dem Ministerium f\u00fcr Klimaschutz, Umwelt, Energie und Mobilit\u00e4t des Landes Rheinland-Pfalz<\/div><\/div><\/a><a id='dbu_icon_mb-block-5cd04fac-c2fe-4a70-a794-e0b5e715f5ce' class='dbu-icon dbu-icon_light ' href='https:\/\/www.dbu.de\/app\/uploads\/dbu-media-service-202410-hintergrund-zum-dbu-naturerbe.pdf'><div class='dbu-icon__image'><i class='fa-sharp fa-solid fa-file-pdf'><\/i><\/div><div class='dbu-icon__content'><div class='dbu-icon__content-headline'>Hintergrund zum DBU Naturerbe<\/div><\/div><\/a><\/div><\/div>\n","protected":false},"excerpt":{"rendered":"<p>Landesumweltministerin Katrin Eder besucht DBU-Naturerbefl\u00e4che Stegskopf<\/p>\n","protected":false},"author":6,"featured_media":143517,"template":"","meta":{"footnotes":""},"categories":[14],"tags":[433,75,432,50,66,2660],"class_list":["post-143401","news","type-news","status-publish","has-post-thumbnail","hentry","category-naturerbe","tag-dbu-naturerbe","tag-nationales-naturerbe","tag-naturerbe","tag-naturschutz","tag-rheinland-pfalz","tag-stegskopf"],"meta_box":{"dbu_headerimage_cover":"","dbu_submenu":"","dbu_submenu_position":"","dbu_submenu_entry":[],"dbu_news_mail":"0","dbu_news_mail_status":"Eine Mail wurde nicht verschickt"},"_links":{"self":[{"href":"https:\/\/www.dbu.de\/en\/wp-json\/wp\/v2\/news\/143401","targetHints":{"allow":["GET"]}}],"collection":[{"href":"https:\/\/www.dbu.de\/en\/wp-json\/wp\/v2\/news"}],"about":[{"href":"https:\/\/www.dbu.de\/en\/wp-json\/wp\/v2\/types\/news"}],"author":[{"embeddable":true,"href":"https:\/\/www.dbu.de\/en\/wp-json\/wp\/v2\/users\/6"}],"version-history":[{"count":22,"href":"https:\/\/www.dbu.de\/en\/wp-json\/wp\/v2\/news\/143401\/revisions"}],"predecessor-version":[{"id":143568,"href":"https:\/\/www.dbu.de\/en\/wp-json\/wp\/v2\/news\/143401\/revisions\/143568"}],"wp:featuredmedia":[{"embeddable":true,"href":"https:\/\/www.dbu.de\/en\/wp-json\/wp\/v2\/media\/143517"}],"wp:attachment":[{"href":"https:\/\/www.dbu.de\/en\/wp-json\/wp\/v2\/media?parent=143401"}],"wp:term":[{"taxonomy":"category","embeddable":true,"href":"https:\/\/www.dbu.de\/en\/wp-json\/wp\/v2\/categories?post=143401"},{"taxonomy":"post_tag","embeddable":true,"href":"https:\/\/www.dbu.de\/en\/wp-json\/wp\/v2\/tags?post=143401"}],"curies":[{"name":"wp","href":"https:\/\/api.w.org\/{rel}","templated":true}]}}