{"id":13954,"date":"2022-11-10T19:26:33","date_gmt":"2022-11-10T18:26:33","guid":{"rendered":"https:\/\/www.dbu.de\/news\/moorschutz-im-naturerbe-saegespaene-fuer-mehr-wasser-im-wald\/"},"modified":"2022-11-10T19:26:33","modified_gmt":"2022-11-10T18:26:33","slug":"moorschutz-im-naturerbe-saegespaene-fuer-mehr-wasser-im-wald","status":"publish","type":"news","link":"https:\/\/www.dbu.de\/en\/news\/moorschutz-im-naturerbe-saegespaene-fuer-mehr-wasser-im-wald\/","title":{"rendered":"Moorschutz im Naturerbe: S\u00e4gesp\u00e4ne f\u00fcr mehr Wasser im Wald"},"content":{"rendered":"<p>39573<\/p>\n","protected":false},"excerpt":{"rendered":"<p>DBU Naturerbe renaturiert Vehne-Niederung auf dem ehemaligen Standort\u00fcbungsplatz Doberlug-Kirchhain<\/p>\n","protected":false},"author":1,"featured_media":0,"template":"","meta":{"footnotes":""},"categories":[14],"tags":[313,59,75,50],"class_list":["post-13954","news","type-news","status-publish","hentry","category-naturerbe","tag-313","tag-brandenburg","tag-nationales-naturerbe","tag-naturschutz"],"meta_box":{"dbu_headerimage_cover":"","dbu_submenu":"","dbu_submenu_position":"","dbu_submenu_entry":[],"dbu_news_mail":"","dbu_news_mail_status":""},"_links":{"self":[{"href":"https:\/\/www.dbu.de\/en\/wp-json\/wp\/v2\/news\/13954","targetHints":{"allow":["GET"]}}],"collection":[{"href":"https:\/\/www.dbu.de\/en\/wp-json\/wp\/v2\/news"}],"about":[{"href":"https:\/\/www.dbu.de\/en\/wp-json\/wp\/v2\/types\/news"}],"author":[{"embeddable":true,"href":"https:\/\/www.dbu.de\/en\/wp-json\/wp\/v2\/users\/1"}],"version-history":[{"count":0,"href":"https:\/\/www.dbu.de\/en\/wp-json\/wp\/v2\/news\/13954\/revisions"}],"wp:attachment":[{"href":"https:\/\/www.dbu.de\/en\/wp-json\/wp\/v2\/media?parent=13954"}],"wp:term":[{"taxonomy":"category","embeddable":true,"href":"https:\/\/www.dbu.de\/en\/wp-json\/wp\/v2\/categories?post=13954"},{"taxonomy":"post_tag","embeddable":true,"href":"https:\/\/www.dbu.de\/en\/wp-json\/wp\/v2\/tags?post=13954"}],"curies":[{"name":"wp","href":"https:\/\/api.w.org\/{rel}","templated":true}]}}