{"id":130522,"date":"2025-02-03T14:20:50","date_gmt":"2025-02-03T13:20:50","guid":{"rendered":"https:\/\/www.dbu.de\/?post_type=news&#038;p=130522"},"modified":"2025-02-03T14:20:51","modified_gmt":"2025-02-03T13:20:51","slug":"horst-koehlers-tod-macht-uns-sehr-traurig","status":"publish","type":"news","link":"https:\/\/www.dbu.de\/en\/news\/horst-koehlers-tod-macht-uns-sehr-traurig\/","title":{"rendered":"\u201eHorst K\u00f6hlers Tod macht uns sehr traurig\u201c"},"content":{"rendered":"\n<div class=\"wp-block-wordpress-dbu-dbu-container\">\n<p>Osnabr\u00fcck. Mit gro\u00dfer Betroffenheit hat die Deutsche Bundesstiftung Umwelt (DBU) mit Sitz in Osnabr\u00fcck auf den Tod des ehemaligen Bundespr\u00e4sidenten Horst <strong>K\u00f6hler<\/strong> reagiert. Er war am Samstagmorgen verstorben. \u201eHorst K\u00f6hler war in seiner Zeit als Finanzstaatssekret\u00e4r im damaligen Ministerium unter Leitung von Theo <strong>Waigel <\/strong>einer der Gr\u00fcnderv\u00e4ter der DBU und ist uns \u00fcber all die Jahre sehr verbunden geblieben\u201c, so DBU-Generalsekret\u00e4r Alexander <strong>Bonde<\/strong>. \u201eSein Tod macht uns sehr traurig. Herzliches Beileid an die Familie.\u201c<\/p>\n\n\n\n<p><strong>Ungew\u00f6hnlich starke Verbundenheit zur Deutschen Bundesstiftung Umwelt<\/strong><\/p>\n\n\n\n<figure class=\"wp-block-image alignright size-full is-resized\"><img loading=\"lazy\" decoding=\"async\" width=\"1515\" height=\"1010\" src=\"https:\/\/www.dbu.de\/app\/uploads\/dbu-media-2025-koehler-am-redepult-peter-himsel-dbu.jpg\" alt=\"\" class=\"wp-image-130528\" style=\"width:534px;height:auto\" srcset=\"https:\/\/www.dbu.de\/app\/uploads\/dbu-media-2025-koehler-am-redepult-peter-himsel-dbu.jpg 1515w, https:\/\/www.dbu.de\/app\/uploads\/dbu-media-2025-koehler-am-redepult-peter-himsel-dbu-800x533.jpg 800w, https:\/\/www.dbu.de\/app\/uploads\/dbu-media-2025-koehler-am-redepult-peter-himsel-dbu-400x267.jpg 400w\" sizes=\"auto, (max-width: 1515px) 100vw, 1515px\" \/><figcaption class=\"wp-element-caption\"><strong>Enge Verbundenheit: <\/strong>Der ehemalige Bundespr\u00e4sident Horst K\u00f6hler (Bild) war nicht nur einer der Gr\u00fcnderv\u00e4ter der Deutschen Bundesstiftung Umwelt (DBU), sondern hat sich zeit seines Lebens tatkr\u00e4ftig f\u00fcr Umwelt- und Klimaschutz eingesetzt. Am 1. Februar 2025 ist der Altbundespr\u00e4sident im Alter von 81 Jahren verstorben.<\/figcaption><\/figure>\n\n\n\n<p>K\u00f6hler hinterlasse in vielf\u00e4ltiger Weise gro\u00dfe Spuren, so Bonde weiter. \u201eBesonders sein starkes Engagement f\u00fcr Afrika und sein unerm\u00fcdlicher Einsatz f\u00fcr die <a href=\"https:\/\/unric.org\/de\/17ziele\/\" data-type=\"link\" data-id=\"https:\/\/unric.org\/de\/17ziele\/\" target=\"_blank\" rel=\"noreferrer noopener\">Nachhaltigkeitsziele der Vereinten Nationen<\/a> werden in Erinnerung bleiben\u201c, f\u00fcgt der DBU-Generalsekret\u00e4r hinzu. Wie ungew\u00f6hnlich stark seine Freundschaft zur Deutschen Bundesstiftung Umwelt war, zeigte sich im Mai 2011 \u2013 ein Jahr nach seinem \u00fcberraschenden R\u00fccktritt als Bundespr\u00e4sident: Seinerzeit kehrte er nach fast 70 Jahren zum ersten Mal in seinen polnischen Geburtsort Skierbiesz\u00f3w zur\u00fcck \u2013 in Begleitung einer DBU-Delegation mit dem damaligen DBU-Generalsekret\u00e4r Fritz <strong>Brickwedde<\/strong>. In Skierbiesz\u00f3w lebte K\u00f6hler von 1943 bis 1944 als kleines Kind mit seinen sechs Geschwistern nur ein Jahr.&nbsp; Denn seine Eltern \u2013 zuvor schon aus dem rum\u00e4nischen Bessarabien wegen der sowjetischen Annexion geflohen \u2013 mussten ihre Flucht fortsetzen: zun\u00e4chst vor den Nazis in die N\u00e4he von Leipzig, dann von dort 1953 wegen der drohenden Drangsalierung durch das DDR-Regime nach Baden-W\u00fcrttemberg.<\/p>\n\n\n\n<p><strong>K\u00f6hlers Festakt-Rede zum 25-j\u00e4hrigen Jubil\u00e4um der DBU<\/strong><\/p>\n\n\n\n<p>K\u00f6hlers Wertsch\u00e4tzung f\u00fcr die Deutsche Bundesstiftung Umwelt \u2013 und sein unersch\u00fctterliches Streben nach mehr Umwelt- und Naturschutz \u2013 kam auch im Dezember 2016 zum Ausdruck. Die DBU feierte ihr 25-j\u00e4hriges Bestehen. Horst K\u00f6hler hielt die Festrede. Das Jubil\u00e4um sei f\u00fcr ihn \u201eAnlass f\u00fcr manch sch\u00f6ne Erinnerung, wie ich 1990 als junger Staatssekret\u00e4r im Finanzministerium diese geniale Idee von Theo Waigel und Hans <strong>Tietmeyer <\/strong>bei ihrer Realisierung begleiten durfte\u201c, begann K\u00f6hler seinen Vortrag. \u201eHeute gibt es da viel zu feiern und manches zu bestaunen \u2013 tausende von gef\u00f6rderten Projekten, die St\u00e4rkung des Nachhaltigkeitsbewusststeins und nat\u00fcrlich Europas h\u00f6chstdotierten <a href=\"https:\/\/www.dbu.de\/umweltpreis\/\" data-type=\"link\" data-id=\"https:\/\/www.dbu.de\/umweltpreis\/\" target=\"_blank\" rel=\"noreferrer noopener\">Umweltpreis<\/a>. Die DBU steht f\u00fcr eine \u00f6kologische Weitsicht, die wir heute mehr denn je n\u00f6tig haben.\u201c<\/p>\n\n\n\n<p><strong>Erinnerung an das \u201eAusma\u00df der \u00f6kologischen Krise unseres Planeten\u201c<\/strong><\/p>\n\n\n\n<p>Tats\u00e4chlich zeichnete die Gr\u00fcndung der DBU, die am 1. M\u00e4rz 1991 ihre T\u00e4tigkeit aufnahm, von Beginn an Courage aus. Aus heutiger Perspektive waren, wie von K\u00f6hler formuliert, die Anf\u00e4nge von ph\u00e4nomenaler Weitsicht: Der durch die Privatisierung des Salzgitter-Konzerns erzielte Verkaufserl\u00f6s wurde anders als \u00fcblich nicht in die Finanzierung des Staatshaushalts gesteckt, sondern \u2013 zweckgebunden f\u00fcr Umweltf\u00f6rderung \u2013 als Kapital in die Gr\u00fcndung einer Bundesstiftung. K\u00f6hler dazu in seiner Festakt-Rede: Den Privatisierungserl\u00f6s der Salzgitter AG f\u00fcr die Gr\u00fcndung einer Umweltstiftung zu verwenden, sei \u201ekeine Selbstverst\u00e4ndlichkeit\u201c gewesen. Denn \u201edas Ausma\u00df der \u00f6kologischen Krise unseres Planeten hatten damals erst wenige erkannt\u201c.<\/p>\n\n\n\n<p><strong>Fr\u00fche Warnung vor Populisten und simplen Antworten<\/strong><\/p>\n\n\n\n<p>Unter Verweis auf die Nachhaltigkeitsziele der Vereinten Nationen und das nur ein Jahr zuvor beschlossene Pariser Klimaabkommen wagte K\u00f6hler zugleich einen Blick in die Zukunft. Das alles sei \u201eein gro\u00dfes Thema, weil diese Rahmenvereinbarungen eine neue gro\u00dfe Transformation von Wirtschaft und Gesellschaft zum Ziel haben.\u201c Zugleich zeigte er sich besorgt \u00fcber \u201edie Schwierigkeiten, auf die wir bei der Umsetzung einer \u00f6kologisch nachhaltigen Politik sto\u00dfen\u201c. Sie seien \u201eSpiegelungen von sehr viel tiefer liegenden Dilemmata und Spannungen, mit denen unsere Gesellschaften, unsere \u00d6konomien und unsere politischen Systeme konfrontiert sind in diesem extrem komplexen 21. Jahrhundert.\u201c K\u00f6hlers Analyse ging noch tiefgehender: \u201eAusgerechnet jetzt, wo deutlich wird, dass unsere Probleme erstens komplex und zweitens global sind, scheinen jene Kr\u00e4fte Oberhand zu gewinnen, deren Antworten erstens simpel und zweitens national sind.\u201c In vielen westlichen Demokratien, so K\u00f6hler weiter, drohe \u201edie Diskreditierung globaler Kooperation pl\u00f6tzlich mehrheitsf\u00e4hig zu werden. Das ist nicht nur paradox, sondern offenbart auch ein geh\u00f6riges St\u00fcck Heuchelei.\u201c K\u00f6hler f\u00fcgte hinzu: \u201eEiner von vier Jobs in Deutschland ist vom Export abh\u00e4ngig; da muss man doch rot werden, wenn man jetzt so tut, als w\u00fcrde man nationale Interessen verteidigen, indem man die Idee offener Grenzen verflucht! Wovon die Populisten profitieren, das ist das flaue Gef\u00fchl im Magen der Menschen in einer sich rasch wandelnden Welt.\u201c<\/p>\n\n\n\n<p><strong>Bonde: Horst K\u00f6hler war ein Vordenker mit klaren Worten <\/strong><\/p>\n\n\n\n<p>DBU-Generalsekret\u00e4r Bonde nennt Horst K\u00f6hlers damalige Ausf\u00fchrungen \u201efast schon prophetisch. Die Einsch\u00e4tzungen des Altbundespr\u00e4sidenten sind aktueller denn je.\u201c Bonde weiter: \u201eDie Festakt-Rede zu unserem 25-j\u00e4hrigen Jubil\u00e4um ist auch ein vortrefflicher Beleg f\u00fcr Horst K\u00f6hlers Rolle eines Vordenkers mit klaren Worten, der nicht um den hei\u00dfen Brei herumredet und der, wenn es notwendig ist, auch einmal aneckt. Sein Tod ist ein gro\u00dfer Verlust auch f\u00fcr alle, die sich beim Umwelt- und Klimaschutz engagieren.\u201c Vor seiner Zeit als Deutschlands Staatsoberhaupt von 2004 bis 2010 war Horst K\u00f6hler als studierter Wirtschaftswissenschaftler zun\u00e4chst Staatssekret\u00e4r im Bundesfinanzministerium, dann Pr\u00e4sident des Deutschen Sparkassen- und Giroverbandes sowie ab 2000 Chef des Internationalen W\u00e4hrungsfonds.<\/p>\n<\/div>\n\n\n\n<div class=\"wp-block-wordpress-dbu-dbu-container\">\n<h3 class=\"wp-block-heading\">Medien &amp; Infos<\/h3>\n\n\n<div id='dbu_icon_mb-block-f9d97c5f-aea9-4c65-ab23-5da568011dea' class='dbu-icon__container '><a id='dbu_icon_mb-block-f9d97c5f-aea9-4c65-ab23-5da568011dea' class='dbu-icon dbu-icon_light ' href='https:\/\/www.dbu.de\/app\/uploads\/dbu-media-2025-pm-006-2025-nachruf-koehler.pdf'><div class='dbu-icon__image'><i class='fa-sharp fa-solid fa-file-pdf'><\/i><\/div><div class='dbu-icon__content'><div class='dbu-icon__content-headline'>Pressemitteilung<\/div><\/div><\/a><\/div><\/div>\n","protected":false},"excerpt":{"rendered":"<p>Gro\u00dfe Betroffenheit in der DBU<\/p>\n","protected":false},"author":6,"featured_media":130528,"template":"","meta":{"footnotes":""},"categories":[12],"tags":[2477,47,50,51,52,53],"class_list":["post-130522","news","type-news","status-publish","has-post-thumbnail","hentry","category-dbu","tag-deutschland","tag-klimaschutz","tag-naturschutz","tag-ressourcenschonung","tag-umweltforschung","tag-umwelttechnik"],"meta_box":{"dbu_headerimage_cover":"","dbu_submenu":"","dbu_submenu_position":"","dbu_submenu_entry":[],"dbu_news_mail":"1","dbu_news_mail_status":"Mails wurden versandt"},"_links":{"self":[{"href":"https:\/\/www.dbu.de\/en\/wp-json\/wp\/v2\/news\/130522","targetHints":{"allow":["GET"]}}],"collection":[{"href":"https:\/\/www.dbu.de\/en\/wp-json\/wp\/v2\/news"}],"about":[{"href":"https:\/\/www.dbu.de\/en\/wp-json\/wp\/v2\/types\/news"}],"author":[{"embeddable":true,"href":"https:\/\/www.dbu.de\/en\/wp-json\/wp\/v2\/users\/6"}],"version-history":[{"count":4,"href":"https:\/\/www.dbu.de\/en\/wp-json\/wp\/v2\/news\/130522\/revisions"}],"predecessor-version":[{"id":130530,"href":"https:\/\/www.dbu.de\/en\/wp-json\/wp\/v2\/news\/130522\/revisions\/130530"}],"wp:featuredmedia":[{"embeddable":true,"href":"https:\/\/www.dbu.de\/en\/wp-json\/wp\/v2\/media\/130528"}],"wp:attachment":[{"href":"https:\/\/www.dbu.de\/en\/wp-json\/wp\/v2\/media?parent=130522"}],"wp:term":[{"taxonomy":"category","embeddable":true,"href":"https:\/\/www.dbu.de\/en\/wp-json\/wp\/v2\/categories?post=130522"},{"taxonomy":"post_tag","embeddable":true,"href":"https:\/\/www.dbu.de\/en\/wp-json\/wp\/v2\/tags?post=130522"}],"curies":[{"name":"wp","href":"https:\/\/api.w.org\/{rel}","templated":true}]}}